{"id":1220,"date":"2016-03-14T01:42:01","date_gmt":"2016-03-14T01:42:01","guid":{"rendered":"https:\/\/www.frelimo.org.mz\/?p=1220"},"modified":"2016-03-14T01:42:01","modified_gmt":"2016-03-14T01:42:01","slug":"membros-do-conselho-de-estado-tomam-posse","status":"publish","type":"post","link":"https:\/\/www.frelimo.org.mz\/?p=1220","title":{"rendered":"Membros do Conselho de Estado tomam posse"},"content":{"rendered":"<p style=\"margin: 13px 0px; padding: 0px; font-family: Tahoma, Arial, Helvetica, sans-serif; font-size: 14px; line-height: 24.5px; text-align: justify;\"><span style=\"font-family: tahoma, geneva, sans-serif;\"><span style=\"font-size: 12px;\">O Presidente da Rep\u00fablica, Filipe Jacinto Nyusi, conferiu posse na \u00faltima sexta-feira aos membros do Conselho de Estado aos quais recomendou para imprimirem maior responsabilidade no exerc\u00edcio das suas fun\u00e7\u00f5es, visando suplantar as vicissitudes e materializar as leg\u00edtimas expectativas do povo, de viver num pa\u00eds em paz e em franco desenvolvimento.<\/span><\/span><\/p>\n<p><!--more--><\/p>\n<p style=\"margin: 13px 0px; padding: 0px; font-family: Tahoma, Arial, Helvetica, sans-serif; font-size: 14px; line-height: 24.5px; text-align: justify;\"><span style=\"font-family: tahoma, geneva, sans-serif;\"><span style=\"font-size: 12px;\"><\/span><\/span><\/p>\n<p style=\"margin: 13px 0px; padding: 0px; font-family: Tahoma, Arial, Helvetica, sans-serif; font-size: 14px; line-height: 24.5px; text-align: justify;\"><span style=\"font-family: tahoma, geneva, sans-serif;\"><span style=\"font-size: 12px;\">Segundo afirmou, a concretiza\u00e7\u00e3o destas aspira\u00e7\u00f5es pressup\u00f5e uma organiza\u00e7\u00e3o do Estado que se inspire nos princ\u00edpios que constituem as bases do Estado de direito e democr\u00e1tico, num sistema de valores em que o cidad\u00e3o \u00e9 o principal destinat\u00e1rio e benefici\u00e1rio das pol\u00edticas p\u00fablicas.<\/span><\/span><\/p>\n<p style=\"margin: 13px 0px; padding: 0px; font-family: Tahoma, Arial, Helvetica, sans-serif; font-size: 14px; line-height: 24.5px; text-align: justify;\"><span style=\"font-family: tahoma, geneva, sans-serif;\"><span style=\"font-size: 12px;\">Por iner\u00eancia de fun\u00e7\u00f5es, tomaram posse como membros do Conselho de Estado a Presidente da Assembleia da Rep\u00fablica, Ver\u00f3nica Macamo Dlhovo, e o Primeiro-Ministro, Carlos Agostinho do Ros\u00e1rio, e Armando Guebuza, antigo Presidente da Rep\u00fablica, membro por comando constitucional.<\/span><\/span><\/p>\n<p style=\"margin: 13px 0px; padding: 0px; font-family: Tahoma, Arial, Helvetica, sans-serif; font-size: 14px; line-height: 24.5px; text-align: justify;\"><span style=\"font-family: tahoma, geneva, sans-serif;\"><span style=\"font-size: 12px;\">Tomaram igualmente posse como personalidades eleitas pela Assembleia da Rep\u00fablica Deolinda Guezimane, o reverendo Dom Dinis Sengulane, o sheik Sa\u00edde Abibo, Maria Massamba, Ant\u00f3nio Pedro Diala, Leovegildo Buanancassa e Jeremias Pondeca Munguambe.<\/span><\/span><\/p>\n<p style=\"margin: 13px 0px; padding: 0px; font-family: Tahoma, Arial, Helvetica, sans-serif; font-size: 14px; line-height: 24.5px; text-align: justify;\"><span style=\"font-family: tahoma, geneva, sans-serif;\"><span style=\"font-size: 12px;\">Como membros designados pelo Presidente da Rep\u00fablica, foram empossados Alberto Joaquim Chipande, Alberto Clementino Vaquina e Daviz Mbepo Simango, presidente do MDM. O Conselho de Estado, um \u00f3rg\u00e3o de consulta do Chefe do Estado, \u00e9 composto por 16 personalidades, incluindo o Presidente da Rep\u00fablica.<\/span><\/span><\/p>\n<p style=\"margin: 13px 0px; padding: 0px; font-family: Tahoma, Arial, Helvetica, sans-serif; font-size: 14px; line-height: 24.5px; text-align: justify;\"><span style=\"font-family: tahoma, geneva, sans-serif;\"><span style=\"font-size: 12px;\">Nos termos do n\u00famero 2 do artigo 164 da Constitui\u00e7\u00e3o da Rep\u00fablica, o Conselho de Estado \u00e9 composto, para al\u00e9m do Presidente da Rep\u00fablica, pelo presidente da Assembleia da Rep\u00fablica, o primeiro-ministro, o presidente do Conselho Constitucional, o provedor de Justi\u00e7a, antigos presidentes da Rep\u00fablica, antigos presidentes da Assembleia da Rep\u00fablica, sete personalidades eleitas pela Assembleia da Rep\u00fablica, quatro personalidades designadas pelo Presidente da Rep\u00fablica e o segundo candidato mais votado ao cargo de Presidente da Rep\u00fablica.<\/span><\/span><\/p>\n<p style=\"margin: 13px 0px; padding: 0px; font-family: Tahoma, Arial, Helvetica, sans-serif; font-size: 14px; line-height: 24.5px; text-align: justify;\"><span style=\"font-family: tahoma, geneva, sans-serif;\"><span style=\"font-size: 12px;\">Ainda na passada sexta-feira, o Conselho de Estado realizou a sua primeira sess\u00e3o de trabalho, dirigida pelo Presidente Filipe Nyusi.<\/span><\/span><\/p>\n","protected":false},"excerpt":{"rendered":"<p>O Presidente da Rep\u00fablica, Filipe Jacinto Nyusi, conferiu posse na \u00faltima sexta-feira aos membros do Conselho de Estado aos quais recomendou para imprimirem maior responsabilidade no exerc\u00edcio das suas fun\u00e7\u00f5es, visando suplantar as vicissitudes e materializar as leg\u00edtimas expectativas do povo, de viver num pa\u00eds em paz e em franco desenvolvimento. Segundo afirmou, a concretiza\u00e7\u00e3o &hellip;<\/p>\n","protected":false},"author":1,"featured_media":0,"comment_status":"open","ping_status":"open","sticky":false,"template":"","format":"standard","meta":{"_jetpack_memberships_contains_paid_content":false,"footnotes":""},"categories":[4],"tags":[],"class_list":["post-1220","post","type-post","status-publish","format-standard","hentry","category-outras"],"jetpack_featured_media_url":"","jetpack_sharing_enabled":true,"_links":{"self":[{"href":"https:\/\/www.frelimo.org.mz\/index.php?rest_route=\/wp\/v2\/posts\/1220","targetHints":{"allow":["GET"]}}],"collection":[{"href":"https:\/\/www.frelimo.org.mz\/index.php?rest_route=\/wp\/v2\/posts"}],"about":[{"href":"https:\/\/www.frelimo.org.mz\/index.php?rest_route=\/wp\/v2\/types\/post"}],"author":[{"embeddable":true,"href":"https:\/\/www.frelimo.org.mz\/index.php?rest_route=\/wp\/v2\/users\/1"}],"replies":[{"embeddable":true,"href":"https:\/\/www.frelimo.org.mz\/index.php?rest_route=%2Fwp%2Fv2%2Fcomments&post=1220"}],"version-history":[{"count":0,"href":"https:\/\/www.frelimo.org.mz\/index.php?rest_route=\/wp\/v2\/posts\/1220\/revisions"}],"wp:attachment":[{"href":"https:\/\/www.frelimo.org.mz\/index.php?rest_route=%2Fwp%2Fv2%2Fmedia&parent=1220"}],"wp:term":[{"taxonomy":"category","embeddable":true,"href":"https:\/\/www.frelimo.org.mz\/index.php?rest_route=%2Fwp%2Fv2%2Fcategories&post=1220"},{"taxonomy":"post_tag","embeddable":true,"href":"https:\/\/www.frelimo.org.mz\/index.php?rest_route=%2Fwp%2Fv2%2Ftags&post=1220"}],"curies":[{"name":"wp","href":"https:\/\/api.w.org\/{rel}","templated":true}]}}