{"id":1209,"date":"2016-03-04T18:44:51","date_gmt":"2016-03-04T18:44:51","guid":{"rendered":"https:\/\/www.frelimo.org.mz\/?p=1209"},"modified":"2016-03-04T18:44:51","modified_gmt":"2016-03-04T18:44:51","slug":"presidente-da-republica-endereca-carta-convite-ao-lider-da-renamo","status":"publish","type":"post","link":"https:\/\/www.frelimo.org.mz\/?p=1209","title":{"rendered":"PRESIDENTE DA REP\u00daBLICA ENDERE\u00c7A   CARTA CONVITE AO L\u00cdDER DA RENAMO"},"content":{"rendered":"<p>\u00a0<\/p>\n<p style=\"margin: 0cm 0cm 0pt; text-align: justify;\"><span lang=\"PT\" style=\"font-family: 'Century Gothic','sans-serif'; font-size: 14pt; mso-ansi-language: PT;\"><span style=\"color: #000000;\">O Presidente da Rep\u00fablica, <b style=\"mso-bidi-font-weight: normal;\">Filipe Jacinto Nyusi<\/b><\/span><span style=\"color: #000000;\">, em cumprimento das decis\u00f5es do Conselho Nacional de Defesa e Seguran\u00e7a, endere\u00e7ou um convite ao Presidente da Renamo, Afonso Dhlakama, para retoma do di\u00e1logo ao mais alto n\u00edvel, visando encontrar os melhores caminhos para restaurar a Paz e prosseguimento do caminho do desenvolvimento.<\/span><\/span><\/p>\n<p>\u00a0<\/p>\n<p style=\"margin: 0cm 0cm 0pt 18pt; text-align: justify;\"><span lang=\"PT\" style=\"font-family: 'Century Gothic','sans-serif'; font-size: 14pt; mso-ansi-language: PT;\"><span style=\"color: #000000;\">\u00a0<\/span><\/span><\/p>\n<p>\u00a0<\/p>\n<p style=\"margin: 0cm 0cm 0pt; text-align: justify;\"><span lang=\"PT\" style=\"font-family: 'Century Gothic','sans-serif'; font-size: 14pt; mso-ansi-language: PT;\"><span style=\"color: #000000;\">Devido a urg\u00eancia que o caso requer, o Presidente da Rep\u00fablica designou Jacinto Veloso, membro do Conselho Nacional de Defesa e Seguran\u00e7a, Maria Benvinda Levi, Conselheira do Presidente da Rep\u00fablica e \u00c1lves Muteque, Quadro da Presid\u00eancia da Rep\u00fablica, para preparar o encontro entre o Chefe do Estado e o l\u00edder da Renamo.<\/span><\/span><\/p>\n<p>\u00a0<\/p>\n<p style=\"margin: 0cm 0cm 0pt; text-align: justify;\"><b style=\"mso-bidi-font-weight: normal;\"><span lang=\"PT\" style=\"font-family: 'Century Gothic','sans-serif'; font-size: 14pt; mso-ansi-language: PT;\"><span style=\"color: #000000;\">\u00a0<\/span><\/span><\/b><\/p>\n<p><span lang=\"PT\" style=\"line-height: 115%; font-family: 'Century Gothic','sans-serif'; font-size: 14pt; mso-ansi-language: PT; mso-fareast-font-family: Calibri; mso-bidi-font-family: 'Times New Roman'; mso-fareast-language: EN-US; mso-bidi-language: AR-SA;\"><span style=\"color: #000000;\">Ainda na mesma carta, o Gabinete do Presidente da Rep\u00fablica, solicita com m\u00e1xima urg\u00eancia poss\u00edvel a designa\u00e7\u00e3o dos representantes da Renamo para a referida miss\u00e3o. <\/span><\/span><\/p>\n","protected":false},"excerpt":{"rendered":"<p>\u00a0 O Presidente da Rep\u00fablica, Filipe Jacinto Nyusi, em cumprimento das decis\u00f5es do Conselho Nacional de Defesa e Seguran\u00e7a, endere\u00e7ou um convite ao Presidente da Renamo, Afonso Dhlakama, para retoma do di\u00e1logo ao mais alto n\u00edvel, visando encontrar os melhores caminhos para restaurar a Paz e prosseguimento do caminho do desenvolvimento. \u00a0 \u00a0 \u00a0 Devido &hellip;<\/p>\n","protected":false},"author":1,"featured_media":0,"comment_status":"open","ping_status":"open","sticky":false,"template":"","format":"standard","meta":{"_jetpack_memberships_contains_paid_content":false,"footnotes":""},"categories":[4],"tags":[],"class_list":["post-1209","post","type-post","status-publish","format-standard","hentry","category-outras"],"jetpack_featured_media_url":"","jetpack_sharing_enabled":true,"_links":{"self":[{"href":"https:\/\/www.frelimo.org.mz\/index.php?rest_route=\/wp\/v2\/posts\/1209","targetHints":{"allow":["GET"]}}],"collection":[{"href":"https:\/\/www.frelimo.org.mz\/index.php?rest_route=\/wp\/v2\/posts"}],"about":[{"href":"https:\/\/www.frelimo.org.mz\/index.php?rest_route=\/wp\/v2\/types\/post"}],"author":[{"embeddable":true,"href":"https:\/\/www.frelimo.org.mz\/index.php?rest_route=\/wp\/v2\/users\/1"}],"replies":[{"embeddable":true,"href":"https:\/\/www.frelimo.org.mz\/index.php?rest_route=%2Fwp%2Fv2%2Fcomments&post=1209"}],"version-history":[{"count":0,"href":"https:\/\/www.frelimo.org.mz\/index.php?rest_route=\/wp\/v2\/posts\/1209\/revisions"}],"wp:attachment":[{"href":"https:\/\/www.frelimo.org.mz\/index.php?rest_route=%2Fwp%2Fv2%2Fmedia&parent=1209"}],"wp:term":[{"taxonomy":"category","embeddable":true,"href":"https:\/\/www.frelimo.org.mz\/index.php?rest_route=%2Fwp%2Fv2%2Fcategories&post=1209"},{"taxonomy":"post_tag","embeddable":true,"href":"https:\/\/www.frelimo.org.mz\/index.php?rest_route=%2Fwp%2Fv2%2Ftags&post=1209"}],"curies":[{"name":"wp","href":"https:\/\/api.w.org\/{rel}","templated":true}]}}