{"id":1202,"date":"2016-03-01T09:29:14","date_gmt":"2016-03-01T09:29:14","guid":{"rendered":"https:\/\/www.frelimo.org.mz\/?p=1202"},"modified":"2016-03-01T09:29:14","modified_gmt":"2016-03-01T09:29:14","slug":"presidente-da-republica-procede-a-abertura-do-ano-judicial","status":"publish","type":"post","link":"https:\/\/www.frelimo.org.mz\/?p=1202","title":{"rendered":"Presidente da Rep\u00fablica procede a abertura do ano judicial"},"content":{"rendered":"<p><strong><\/strong><\/p>\n<div class=\"itemIntroText\">\n<p style=\"text-align: justify;\"><span style=\"font-size: 12pt; line-height: 115%; font-family: Verdana,sans-serif;\">O Presidente da Rep\u00fablica, Fiipe Nyusi procede hoje em Maputo a abertura do ano judicial.<\/span><\/p>\n<p><!--more--><\/p>\n<p style=\"text-align: justify;\"><span style=\"font-size: 12pt; line-height: 115%; font-family: Verdana,sans-serif;\"><\/span><\/p>\n<\/div>\n<p style=\"text-align: justify;\"><span style=\"font-size: 12pt; line-height: 115%; font-family: Verdana,sans-serif;\">O evento tem lugar no Centro de Confer\u00eancia Joaquim Chissano sob o lema : Pela preven\u00e7\u00e3o e combate ao crime organizado e transnacional.<\/span><\/p>\n<p><strong><span style=\"font-size: 12pt; line-height: 115%; font-family: Verdana,sans-serif;\">A cerim\u00f3nia conta com a presen\u00e7a de membros do governo, corpo diplom\u00e1tico acreditado em Mo\u00e7ambique, entre outros convidados.<\/span><\/strong><\/p>\n","protected":false},"excerpt":{"rendered":"<p>O Presidente da Rep\u00fablica, Fiipe Nyusi procede hoje em Maputo a abertura do ano judicial. O evento tem lugar no Centro de Confer\u00eancia Joaquim Chissano sob o lema : Pela preven\u00e7\u00e3o e combate ao crime organizado e transnacional. A cerim\u00f3nia conta com a presen\u00e7a de membros do governo, corpo diplom\u00e1tico acreditado em Mo\u00e7ambique, entre outros &hellip;<\/p>\n","protected":false},"author":1,"featured_media":0,"comment_status":"open","ping_status":"open","sticky":false,"template":"","format":"standard","meta":{"_jetpack_memberships_contains_paid_content":false,"footnotes":""},"categories":[4],"tags":[],"class_list":["post-1202","post","type-post","status-publish","format-standard","hentry","category-outras"],"jetpack_featured_media_url":"","jetpack_sharing_enabled":true,"_links":{"self":[{"href":"https:\/\/www.frelimo.org.mz\/index.php?rest_route=\/wp\/v2\/posts\/1202","targetHints":{"allow":["GET"]}}],"collection":[{"href":"https:\/\/www.frelimo.org.mz\/index.php?rest_route=\/wp\/v2\/posts"}],"about":[{"href":"https:\/\/www.frelimo.org.mz\/index.php?rest_route=\/wp\/v2\/types\/post"}],"author":[{"embeddable":true,"href":"https:\/\/www.frelimo.org.mz\/index.php?rest_route=\/wp\/v2\/users\/1"}],"replies":[{"embeddable":true,"href":"https:\/\/www.frelimo.org.mz\/index.php?rest_route=%2Fwp%2Fv2%2Fcomments&post=1202"}],"version-history":[{"count":0,"href":"https:\/\/www.frelimo.org.mz\/index.php?rest_route=\/wp\/v2\/posts\/1202\/revisions"}],"wp:attachment":[{"href":"https:\/\/www.frelimo.org.mz\/index.php?rest_route=%2Fwp%2Fv2%2Fmedia&parent=1202"}],"wp:term":[{"taxonomy":"category","embeddable":true,"href":"https:\/\/www.frelimo.org.mz\/index.php?rest_route=%2Fwp%2Fv2%2Fcategories&post=1202"},{"taxonomy":"post_tag","embeddable":true,"href":"https:\/\/www.frelimo.org.mz\/index.php?rest_route=%2Fwp%2Fv2%2Ftags&post=1202"}],"curies":[{"name":"wp","href":"https:\/\/api.w.org\/{rel}","templated":true}]}}