{"id":1181,"date":"2016-02-03T22:00:00","date_gmt":"2016-02-03T22:00:00","guid":{"rendered":"https:\/\/www.frelimo.org.mz\/?p=1181"},"modified":"2016-02-03T22:00:00","modified_gmt":"2016-02-03T22:00:00","slug":"03-de-fevereiro-2","status":"publish","type":"post","link":"https:\/\/www.frelimo.org.mz\/?p=1181","title":{"rendered":"03 de fevereiro"},"content":{"rendered":"<p style=\"margin: 0px 0px 6px; color: #141823; font-family: helvetica, arial, sans-serif; font-size: 14px; line-height: 15.456px;\">Mo\u00e7ambique rendeu homenagem aos seus her\u00f3is<br \/>Quinta, 04 Fevereiro 2016<\/p>\n<p style=\"margin: 6px 0px; color: #141823; font-family: helvetica, arial, sans-serif; font-size: 14px; line-height: 15.456px;\">O PA\u00cdS rendeu ontem uma merecida homenagem aos seus her\u00f3is, cuja cerim\u00f3nia central decorreu em Maputo, onde o Chefe do Estado, Filipe Nyusi, dep\u00f4s uma coroa de flores na Pra\u00e7a dedicada a estas proeminentes figuras nacionais<\/p>\n<p><!--more--><\/p>\n<p style=\"margin: 6px 0px; color: #141823; font-family: helvetica, arial, sans-serif; font-size: 14px; line-height: 15.456px;\">.<\/p>\n<p style=\"margin: 6px 0px; color: #141823; font-family: helvetica, arial, sans-serif; font-size: 14px; line-height: 15.456px;\">No resto das prov\u00edncias cerim\u00f3nias id\u00eanticas foram igualmente replicadas nas respectivas pra\u00e7as, incluindo actividades pol\u00edtico-culturais e desportivas, que marcaram de forma indel\u00e9vel as celebra\u00e7\u00f5es do dia 3 de Fevereiro, que este ano assinala tamb\u00e9m o 47\u00ba anivers\u00e1rio do assassinato de Eduardo Mondlane, primeiro Presidente da Frente de Liberta\u00e7\u00e3o de Mo\u00e7ambique (FRELIMO).<br \/>De acordo com as not\u00edcias que nos chegaram das diversas prov\u00edncias do pa\u00eds, os dirigentes que falaram nas iniciativas locais defenderam a unidade nacional, coes\u00e3o e o patriotismo, como pressupostos b\u00e1sicos para a valoriza\u00e7\u00e3o dos her\u00f3is mo\u00e7ambicanos. Apelaram tamb\u00e9m a sociedade civil a respeitar os ideais dos her\u00f3is nacionais para garantir uma paz efectiva no pa\u00eds.<br \/>Insistiram que Mo\u00e7ambique deve estar em paz e n\u00e3o ser ref\u00e9m de um grupo de pessoas.<\/p>\n<p style=\"margin: 6px 0px; color: #141823; font-family: helvetica, arial, sans-serif; font-size: 14px; line-height: 15.456px;\">S\u00edmbolo do hero\u00edsmo<\/p>\n<p style=\"margin: 6px 0px; color: #141823; font-family: helvetica, arial, sans-serif; font-size: 14px; line-height: 15.456px;\">O GOVERNADOR da prov\u00edncia de Nampula, Victor Borges, disse que o 3 de Fevereiro, Dia dos Her\u00f3is Nacionais, simboliza efectivamente o hero\u00edsmo, principalmente, dos que morreram pela causa da liberta\u00e7\u00e3o do nosso pa\u00eds da domina\u00e7\u00e3o estrangeira.<\/p>\n<p style=\"margin: 6px 0px; color: #141823; font-family: helvetica, arial, sans-serif; font-size: 14px; line-height: 15.456px;\">\u201cDa\u00ed a import\u00e2ncia singular de que se reveste esta data\u201d, destacou.<\/p>\n<p style=\"margin: 6px 0px; color: #141823; font-family: helvetica, arial, sans-serif; font-size: 14px; line-height: 15.456px;\">O governante fez este pronunciamento ontem depois de depor uma coroa de flores na Pra\u00e7a dos Her\u00f3is, na capital provincial, no quadro das celebra\u00e7\u00f5es do 3 de Fevereiro.<\/p>\n<p style=\"margin: 6px 0px; color: #141823; font-family: helvetica, arial, sans-serif; font-size: 14px; line-height: 15.456px;\">Victor Borges refor\u00e7ou que o Governo sempre vai trabalhar para fazer com que a data seja sempre valorizada, pois esta \u00e9 a forma correcta de exaltar os feitos dos que pegaram em armas para lutar contra a domina\u00e7\u00e3o estrangeira em Mo\u00e7ambique.<\/p>\n<p style=\"margin: 6px 0px; color: #141823; font-family: helvetica, arial, sans-serif; font-size: 14px; line-height: 15.456px;\"><img loading=\"lazy\" decoding=\"async\" class=\" size-full wp-image-1179\" src=\"https:\/\/www.frelimo.org.mz\/\/wp-content\/uploads\/2016\/02\/12647395_1065376196858861_1462367010825316056_n.jpg\" alt=\"\" width=\"667\" height=\"960\" \/><\/p>\n<p style=\"margin: 6px 0px; color: #141823; font-family: helvetica, arial, sans-serif; font-size: 14px; line-height: 15.456px;\">\u201cQualquer povo e qualquer pa\u00eds t\u00eam uma hist\u00f3ria que o identifica. Em Mo\u00e7ambique, o 3 de Fevereiro simboliza a heroicidade dos que, querendo libertar o pa\u00eds do dom\u00ednio colonial, morreram sem, infelizmente, alcan\u00e7arem esse objectivo. N\u00f3s n\u00e3o nos cansaremos de celebrar, anualmente, esta data que representa igualmente mais um marco na hist\u00f3ria do pa\u00eds, em que nos revolt\u00e1mos contra a domina\u00e7\u00e3o colonial\u201d, enfatizou Victor Borges.<\/p>\n<p style=\"margin: 6px 0px; color: #141823; font-family: helvetica, arial, sans-serif; font-size: 14px; line-height: 15.456px;\">O chefe do executivo de Nampula referiu o facto de existirem tamb\u00e9m no nosso pa\u00eds her\u00f3is vivos que participaram na luta de liberta\u00e7\u00e3o nacional e outros que, dia ap\u00f3s dia, ano ap\u00f3s ano, procuram sempre manter Mo\u00e7ambique na rota do progresso e do bem-estar do povo, atrav\u00e9s tamb\u00e9m dos seus feitos.<\/p>\n<p style=\"margin: 6px 0px; color: #141823; font-family: helvetica, arial, sans-serif; font-size: 14px; line-height: 15.456px;\">Victor Borges acrescentou que \u201c\u00e9 certo que o dia 3 de Fevereiro \u00e9 a data da morte de Eduardo Mondlane, arquitecto da unidade nacional, mas celebramo-la homenageando todos os her\u00f3is que tudo fizeram para que hoje Mo\u00e7ambique seja um pa\u00eds independente e unido\u201d.<\/p>\n<p style=\"margin: 6px 0px; color: #141823; font-family: helvetica, arial, sans-serif; font-size: 14px; line-height: 15.456px;\">Valorizar o sangue derramado<\/p>\n<p style=\"margin: 6px 0px; color: #141823; font-family: helvetica, arial, sans-serif; font-size: 14px; line-height: 15.456px;\">A GOVERNADORA de Gaza, Stella da Gra\u00e7a Zeca, disse ontem, em Xai-Xai, por ocasi\u00e3o das celebra\u00e7\u00f5es do 3 de Fevereiro, que uma das formas de dignificar a data consagrada aos her\u00f3is nacionais \u00e9 cada um de n\u00f3s valorizar o esfor\u00e7o que custou a vida e a juventude de muitos compatriotas, desde o per\u00edodo de resist\u00eancia, da luta de liberta\u00e7\u00e3o nacional, dirigida pela Frente de Liberta\u00e7\u00e3o de Mo\u00e7ambique (FRELIMO), at\u00e9 aos tempos mais recentes da defesa intransigente da nossa soberania nacional.<\/p>\n<p style=\"margin: 6px 0px; color: #141823; font-family: helvetica, arial, sans-serif; font-size: 14px; line-height: 15.456px;\">Para o efeito, segundo ela, devemos participar activamente no exerc\u00edcio da cidadania, promovendo o desenvolvimento e a manuten\u00e7\u00e3o da paz e da unidade nacional.<\/p>\n<p style=\"margin: 6px 0px; color: #141823; font-family: helvetica, arial, sans-serif; font-size: 14px; line-height: 15.456px;\">\u201cSomos todos chamados a inspirarmo-nos nos feitos do Dr. Mondlane, que desde cedo descobriu que a unidade nacional \u00e9 a principal arma para vencer as adversidades\u201d, disse Stella da Gra\u00e7a Zeca.<\/p>\n<p style=\"margin: 6px 0px; color: #141823; font-family: helvetica, arial, sans-serif; font-size: 14px; line-height: 15.456px;\">Num outro desenvolvimento, a governadora de Gaza referiu-se ao facto de o presente 3 de Fevereiro ser celebrado num ano em que completamos trinta anos sem a presen\u00e7a f\u00edsica do primeiro presidente da Rep\u00fablica de Mo\u00e7ambique independente, Marechal Samora Mois\u00e9s Machel, assassinado no dia 19 de Outubro de 1986 pelo regime racista do \u201capartheid\u201d, da \u00c1frica do Sul.<\/p>\n<p style=\"margin: 6px 0px; color: #141823; font-family: helvetica, arial, sans-serif; font-size: 14px; line-height: 15.456px;\">Na presente celebra\u00e7\u00e3o, segundo a governante, \u00e9 dada responsabilidade acrescida aos professores pela sua interac\u00e7\u00e3o com os alunos, na divulga\u00e7\u00e3o da dimens\u00e3o de estadista vision\u00e1rio que foi o proclamador da independ\u00eancia nacional.<\/p>\n<p style=\"margin: 6px 0px; color: #141823; font-family: helvetica, arial, sans-serif; font-size: 14px; line-height: 15.456px;\">\u201cO pa\u00eds, no geral, e a prov\u00edncia, em particular, conhecer\u00e3o um grande movimento com a realiza\u00e7\u00e3o de v\u00e1rios programas de reflex\u00e3o sobre a vida e obra do her\u00f3i Samora Machel, que incluir\u00e3o v\u00e1rias actividades de \u00edndole cultural, desportivo e recreativo\u201d, revelou a governadora da prov\u00edncia de Gaza.<\/p>\n<p style=\"margin: 6px 0px; color: #141823; font-family: helvetica, arial, sans-serif; font-size: 14px; line-height: 15.456px;\">Apelou para que toda a popula\u00e7\u00e3o participe activa e massivamente em todas as actividades alusivas ao trig\u00e9simo ano do desaparecimento f\u00edsico do Presidente Samora.<\/p>\n<p style=\"margin: 6px 0px; color: #141823; font-family: helvetica, arial, sans-serif; font-size: 14px; line-height: 15.456px;\">Em Gaza, as celebra\u00e7\u00f5es do 3 de Fevereiro inclu\u00edram marchas de rep\u00fadio \u00e0 ac\u00e7\u00e3o de homens armados da Renamo em Sa\u00fate, no distrito de Chigubo, na madrugada do \u00faltimo s\u00e1bado.<\/p>\n<p style=\"margin: 6px 0px; color: #141823; font-family: helvetica, arial, sans-serif; font-size: 14px; line-height: 15.456px;\">Imortalizar Mondlane<\/p>\n<p style=\"margin: 6px 0px; color: #141823; font-family: helvetica, arial, sans-serif; font-size: 14px; line-height: 15.456px;\">O GOVERNADOR de Inhambane, Agostinho Trinta, considera que uma das formas para imortalizar a obra do arquitecto da unidade nacional e primeiro presidente da Frente de Liberta\u00e7\u00e3o de Mo\u00e7ambique (FRELIMO), Eduardo Mondlane, \u00e9 valorizar e defender as conquistas da independ\u00eancia nacional, atrav\u00e9s do aprofundamento da democracia, da reconcilia\u00e7\u00e3o nacional e da consolida\u00e7\u00e3o da paz e da unidade nacional.<\/p>\n<p style=\"margin: 6px 0px; color: #141823; font-family: helvetica, arial, sans-serif; font-size: 14px; line-height: 15.456px;\">\u201cN\u00e3o h\u00e1 pre\u00e7o que pague o sacrif\u00edcio de&nbsp;<a class=\"profileLink\" style=\"color: #3b5998; cursor: pointer; text-decoration: none;\" href=\"https:\/\/www.facebook.com\/mondlane\" data-hovercard=\"\/ajax\/hovercard\/user.php?id=641562028\">Eduardo Chivambo Mondlane<\/a>&nbsp;e de outros her\u00f3is mo\u00e7ambicanos que deram a sua vida pela independ\u00eancia nacional. Uma das formas da exalta\u00e7\u00e3o desta figura incontorn\u00e1vel da hist\u00f3ria mo\u00e7ambicana \u00e9 isolar aqueles que, instrumentalizados pelas for\u00e7as residuais do imperialismo, procuram fragmentar o pa\u00eds por regi\u00f5es, ra\u00e7a, etnia e at\u00e9 atrav\u00e9s de cores partid\u00e1rias\u201d, exortou Agostinho Trinta.<\/p>\n<p style=\"margin: 6px 0px; color: #141823; font-family: helvetica, arial, sans-serif; font-size: 14px; line-height: 15.456px;\">Para o efeito, o dirigente de Inhambane encorajou as For\u00e7as de Defesa e Seguran\u00e7a a continuarem a perseguir e a desarmar os bandidos armados que tentam distrair a popula\u00e7\u00e3o da sua tarefa central que \u00e9 a produ\u00e7\u00e3o de comida para acabar com a fome e a pobreza no pa\u00eds. \u201cEstamos satisfeitos com a vossa bravura. N\u00e3o podemos permitir que um grupo de pessoas, nossos irm\u00e3os, instrumentalizadas por pol\u00edticos falidos, ameace e roube a popula\u00e7\u00e3o. Estejais firmes na defesa da soberania nacional, dos objectivos econ\u00f3micos, da popula\u00e7\u00e3o e de toda a riqueza da nossa prov\u00edncia\u201d, exortou.<\/p>\n<p style=\"margin: 6px 0px; color: #141823; font-family: helvetica, arial, sans-serif; font-size: 14px; line-height: 15.456px;\">Agostinho Trinta disse ainda que \u201cos irm\u00e3os da Renamo, entrincheirados no mato, cumprindo ordens dos seus chefes, uns em lugares incertos e outros nas cidades, devem voluntariamente entregar as armas ao Governo para serem reintegrados na sociedade\u201d.<\/p>\n<p style=\"margin: 6px 0px; color: #141823; font-family: helvetica, arial, sans-serif; font-size: 14px; line-height: 15.456px;\">\u201cMas, tamb\u00e9m, se existem outros que portam ilegalmente armas de fogo, devem tamb\u00e9m entreg\u00e1-las \u00e0s autoridades, pois estamos em campanha de recolha de todas as armas em m\u00e3os alheias. O combate \u00e0 criminalidade na nossa prov\u00edncia nunca lograr\u00e1 sucessos desejados enquanto houver armas fora do controlo das autoridades\u201d, advertiu o governador de Inhambane.<\/p>\n<p style=\"margin: 6px 0px; color: #141823; font-family: helvetica, arial, sans-serif; font-size: 14px; line-height: 15.456px;\">Uni\u00e3o acima de tudo<\/p>\n<p style=\"margin: 6px 0px; color: #141823; font-family: helvetica, arial, sans-serif; font-size: 14px; line-height: 15.456px;\">A GOVERNADORA de Cabo Delgado, Celmira da Silva, afirmou, ontem, em Pemba, que as diferen\u00e7as de ideias pol\u00edticas e n\u00e3o s\u00f3 n\u00e3o podem estar acima da unidade nacional, o principal pressuposto pelo qual Eduardo Chivambo Mondlane e outros her\u00f3is da p\u00e1tria mo\u00e7ambicana lutaram e morreram por ele no processo da liberta\u00e7\u00e3o de Mo\u00e7ambique do jugo colonial portugu\u00eas.<\/p>\n<p style=\"margin: 6px 0px; color: #141823; font-family: helvetica, arial, sans-serif; font-size: 14px; line-height: 15.456px;\">Celmira da Silva fez este pronunciamento num com\u00edcio popular na cidade de Pemba, alusivo ao dia dos her\u00f3is mo\u00e7ambicanos.<\/p>\n<p style=\"margin: 6px 0px; color: #141823; font-family: helvetica, arial, sans-serif; font-size: 14px; line-height: 15.456px;\">Segundo a governante, s\u00f3 unidos \u00e9 que o povo ir\u00e1 ultrapassar as v\u00e1rias dificuldades que hoje enfrenta, sublinhado que a pobreza \u00e9 o principal inimigo comum da actualidade.<\/p>\n<p style=\"margin: 6px 0px; color: #141823; font-family: helvetica, arial, sans-serif; font-size: 14px; line-height: 15.456px;\">A governadora apelou \u00e0s for\u00e7as residuais da Renamo para se entregarem e juntarem-se aos esfor\u00e7os da luta contra a pobreza.<\/p>\n<p style=\"margin: 6px 0px; color: #141823; font-family: helvetica, arial, sans-serif; font-size: 14px; line-height: 15.456px;\">\u201cA Renamo deve responder ao apelo e o clamor do povo que quer a paz efectiva, porque s\u00f3 com a paz \u00e9 que poderemos trabalhar livremente para acabarmos com a pobreza\u201d, exortou a chefe do executivo de Cabo Delgado.<\/p>\n<p style=\"margin: 6px 0px; color: #141823; font-family: helvetica, arial, sans-serif; font-size: 14px; line-height: 15.456px;\">Num outro desenvolvimento, a governadora pronunciou-se sobre a presente \u00e9poca chuvosa, considerando que desta vez h\u00e1 dois fen\u00f3menos diametralmente opostos que caracterizam o nosso pa\u00eds: a seca no sul e as chuvas acima do normal no norte de Mo\u00e7ambique, que est\u00e3o a criar estragos em resid\u00eancias, destrui\u00e7\u00e3o de \u00e1reas agr\u00edcolas e n\u00e3o s\u00f3.<\/p>\n<p style=\"margin: 6px 0px; color: #141823; font-family: helvetica, arial, sans-serif; font-size: 14px; line-height: 15.456px;\">\u201cH\u00e1 tamb\u00e9m casos de descargas atmosf\u00e9ricas que j\u00e1 provocaram a morte de pessoas. Por isso, apelo para que cada um de n\u00f3s doe o que pude para ajudar a minorar o sofrimento das pessoas que foram afectadas por estas calamidades. Todos sabemos que estamos ainda em Fevereiro e o pico das chuvas \u00e9 o m\u00eas de Mar\u00e7o. Portanto, ainda poder\u00e1 cair muita chuva\u201d \u2013 alertou Celmira da Silva.<\/p>\n<p style=\"margin: 6px 0px; color: #141823; font-family: helvetica, arial, sans-serif; font-size: 14px; line-height: 15.456px;\">O primeiro-secret\u00e1rio do Comit\u00e9 provincial da Frelimo em Cabo Delgado, Elias Kalime, disse na ocasi\u00e3o que a Renamo n\u00e3o pode mais uma vez empurrar o povo para um novo ciclo de viol\u00eancia, recordando esta for\u00e7a pol\u00edtica para aprender das li\u00e7\u00f5es anteriores quando empurrou o pa\u00eds para uma guerra in\u00fatil e sem resultados.<\/p>\n<p style=\"margin: 6px 0px; color: #141823; font-family: helvetica, arial, sans-serif; font-size: 14px; line-height: 15.456px;\">Para al\u00e9m da habitual deposi\u00e7\u00e3o de coroa de flores na Pra\u00e7a dos Her\u00f3is, uma marcha de rep\u00fadio aos discursos da Renamo, envolvendo antigos combatentes, funcion\u00e1rios p\u00fablicos, membros das For\u00e7as de Defesa e Seguran\u00e7a, percorreu as principais art\u00e9rias de Pemba.<\/p>\n<p style=\"margin: 6px 0px; color: #141823; font-family: helvetica, arial, sans-serif; font-size: 14px; line-height: 15.456px;\">Preservar a paz e unidade<\/p>\n<p style=\"margin: 6px 0px; color: #141823; font-family: helvetica, arial, sans-serif; font-size: 14px; line-height: 15.456px;\">O SECRET\u00c1RIO Permanente da prov\u00edncia de Sofala, Ricardo Nhacuongue, disse ontem na Beira que a preserva\u00e7\u00e3o da paz passa necessariamente pela deposi\u00e7\u00e3o das armas por parte da Renamo e pelo di\u00e1logo sem pr\u00e9-condi\u00e7\u00f5es entre o Presidente da Rep\u00fablica, Filipe Nyusi, e o l\u00edder da Renamo, Afonso Dhlakama.<\/p>\n<p style=\"margin: 6px 0px; color: #141823; font-family: helvetica, arial, sans-serif; font-size: 14px; line-height: 15.456px;\">Falando na Pra\u00e7a dos Her\u00f3is, no \u00e2mbito do 3 de Fevereiro e em nome da Governadora Helena Taipo, Nhacuongue chamou particular aten\u00e7\u00e3o \u00e0 comunidade no sentido de agudizar a vigil\u00e2ncia popular e denunciar os portadores ilegais de armas de fogo no pa\u00eds.<\/p>\n<p style=\"margin: 6px 0px; color: #141823; font-family: helvetica, arial, sans-serif; font-size: 14px; line-height: 15.456px;\">J\u00e1 num com\u00edcio no bairro de Chingussura, pouco depois da deposi\u00e7\u00e3o de uma coroa de flores na Pra\u00e7a dos Her\u00f3is, o respons\u00e1vel sugeriu ao l\u00edder da Renamo para dialogar com o Chefe do Estado, Filipe Nyusi, sem imposi\u00e7\u00e3o de pr\u00e9-condi\u00e7\u00f5es.<\/p>\n<p style=\"margin: 6px 0px 0px; display: inline; color: #141823; font-family: helvetica, arial, sans-serif; font-size: 14px; line-height: 15.456px;\">Numa altura em que a prov\u00edncia de Sofala est\u00e1 a ser afectada pela escassez de chuvas devido as mudan\u00e7as clim\u00e1ticas, o governante recomendou que as aten\u00e7\u00f5es de toda a sociedade estejam viradas para a mitiga\u00e7\u00e3o do fen\u00f3meno da seca que pode comprometer a safra agr\u00edcola&nbsp;<\/p>\n","protected":false},"excerpt":{"rendered":"<p>Mo\u00e7ambique rendeu homenagem aos seus her\u00f3isQuinta, 04 Fevereiro 2016 O PA\u00cdS rendeu ontem uma merecida homenagem aos seus her\u00f3is, cuja cerim\u00f3nia central decorreu em Maputo, onde o Chefe do Estado, Filipe Nyusi, dep\u00f4s uma coroa de flores na Pra\u00e7a dedicada a estas proeminentes figuras nacionais . No resto das prov\u00edncias cerim\u00f3nias id\u00eanticas foram igualmente replicadas &hellip;<\/p>\n","protected":false},"author":1,"featured_media":1179,"comment_status":"open","ping_status":"open","sticky":false,"template":"","format":"standard","meta":{"_jetpack_memberships_contains_paid_content":false,"footnotes":""},"categories":[4],"tags":[],"class_list":["post-1181","post","type-post","status-publish","format-standard","has-post-thumbnail","hentry","category-outras"],"jetpack_featured_media_url":"https:\/\/www.frelimo.org.mz\/wp-content\/uploads\/2016\/02\/12647395_1065376196858861_1462367010825316056_n.jpg","jetpack_sharing_enabled":true,"_links":{"self":[{"href":"https:\/\/www.frelimo.org.mz\/index.php?rest_route=\/wp\/v2\/posts\/1181","targetHints":{"allow":["GET"]}}],"collection":[{"href":"https:\/\/www.frelimo.org.mz\/index.php?rest_route=\/wp\/v2\/posts"}],"about":[{"href":"https:\/\/www.frelimo.org.mz\/index.php?rest_route=\/wp\/v2\/types\/post"}],"author":[{"embeddable":true,"href":"https:\/\/www.frelimo.org.mz\/index.php?rest_route=\/wp\/v2\/users\/1"}],"replies":[{"embeddable":true,"href":"https:\/\/www.frelimo.org.mz\/index.php?rest_route=%2Fwp%2Fv2%2Fcomments&post=1181"}],"version-history":[{"count":0,"href":"https:\/\/www.frelimo.org.mz\/index.php?rest_route=\/wp\/v2\/posts\/1181\/revisions"}],"wp:featuredmedia":[{"embeddable":true,"href":"https:\/\/www.frelimo.org.mz\/index.php?rest_route=\/wp\/v2\/media\/1179"}],"wp:attachment":[{"href":"https:\/\/www.frelimo.org.mz\/index.php?rest_route=%2Fwp%2Fv2%2Fmedia&parent=1181"}],"wp:term":[{"taxonomy":"category","embeddable":true,"href":"https:\/\/www.frelimo.org.mz\/index.php?rest_route=%2Fwp%2Fv2%2Fcategories&post=1181"},{"taxonomy":"post_tag","embeddable":true,"href":"https:\/\/www.frelimo.org.mz\/index.php?rest_route=%2Fwp%2Fv2%2Ftags&post=1181"}],"curies":[{"name":"wp","href":"https:\/\/api.w.org\/{rel}","templated":true}]}}