{"id":1176,"date":"2016-01-27T21:28:29","date_gmt":"2016-01-27T21:28:29","guid":{"rendered":"https:\/\/www.frelimo.org.mz\/?p=1176"},"modified":"2016-01-27T21:28:29","modified_gmt":"2016-01-27T21:28:29","slug":"presidente-da-republica-participa-em-adis-abeba-na-xxvi-cimeira-da-uniao-africana","status":"publish","type":"post","link":"https:\/\/www.frelimo.org.mz\/?p=1176","title":{"rendered":"PRESIDENTE DA REP\u00daBLICA PARTICIPA  EM ADIS ABEBA NA XXVI CIMEIRA DA UNI\u00c3O AFRICANA"},"content":{"rendered":"<p style=\"text-align: justify;\"><strong><span style=\"font-size: 14pt; font-family: 'Century Gothic', sans-serif;\">MAPUTO, 27 DE JANEIRO DE 2016 \u2013 <\/span><\/strong><span style=\"font-size: 14pt; font-family: 'Century Gothic', sans-serif;\">O Presidente da Rep\u00fablica <strong>Filipe Jacinto Nyusi<\/strong>, participa de 28 a 31 de Janeiro de 2016, em Adis Abeba, Rep\u00fablica Federal e Democr\u00e1tica da Eti\u00f3pia, na Vig\u00e9sima Sexta Sess\u00e3o Ordin\u00e1ria dos Chefes de Estado e de Governo da Uni\u00e3o Africana, que se realiza sob o lema <\/span><strong><span style=\"font-size: 14pt; font-family: 'Century Gothic', sans-serif;\">\u201c2016: Ano Africano dos Direitos Humanos, com destaque nos Direitos da Mulher\u201d.<\/span><\/strong><\/p>\n<p><!--more--><\/p>\n<p style=\"text-align: justify;\"><strong><span style=\"font-size: 14pt; font-family: 'Century Gothic', sans-serif;\"><\/span><\/strong><\/p>\n<p style=\"text-align: justify;\"><span style=\"font-size: 14pt; font-family: 'Century Gothic', sans-serif;\">\u00c0 margem da Cimeira, o Chefe do Estado mo\u00e7ambicano vai participar <\/span><span style=\"font-size: 14pt; font-family: 'Century Gothic', sans-serif;\">na Reuni\u00e3o do Mecanismo Africano de Revis\u00e3o de Pares, (MARP)<\/span><span style=\"font-size: 14pt; font-family: 'Century Gothic', sans-serif;\"> e manter encontro com a comunidade mo\u00e7ambicana residente naquele pa\u00eds.<\/span><\/p>\n<p style=\"text-align: justify;\"><span style=\"font-size: 14pt; font-family: 'Century Gothic', sans-serif;\">Nesta desloca\u00e7\u00e3o, o Presidente Nyusi, far-se-\u00e1 acompanhar pela Esposa, Isaura Ferr\u00e3o Nyusi; pelo Ministro dos Neg\u00f3cios Estrangeiros e Coopera\u00e7\u00e3o, Oldemiro Baloi; Vice-Ministro da Administra\u00e7\u00e3o Estatal e Fun\u00e7\u00e3o P\u00fablica, Roque Silva Samuel; Embaixador de Mo\u00e7ambique na Eti\u00f3pia e Representante Permanente do nosso pa\u00eds junto \u00e0 Uni\u00e3o Africana, Manuel Jos\u00e9 Gon\u00e7alves, Quadros da Presid\u00eancia da Rep\u00fablica e de outras Institui\u00e7\u00f5es do Estado. <strong>(GI)<\/strong><\/span><\/p>\n","protected":false},"excerpt":{"rendered":"<p>MAPUTO, 27 DE JANEIRO DE 2016 \u2013 O Presidente da Rep\u00fablica Filipe Jacinto Nyusi, participa de 28 a 31 de Janeiro de 2016, em Adis Abeba, Rep\u00fablica Federal e Democr\u00e1tica da Eti\u00f3pia, na Vig\u00e9sima Sexta Sess\u00e3o Ordin\u00e1ria dos Chefes de Estado e de Governo da Uni\u00e3o Africana, que se realiza sob o lema \u201c2016: Ano &hellip;<\/p>\n","protected":false},"author":1,"featured_media":0,"comment_status":"open","ping_status":"open","sticky":false,"template":"","format":"standard","meta":{"_jetpack_memberships_contains_paid_content":false,"footnotes":""},"categories":[4],"tags":[],"class_list":["post-1176","post","type-post","status-publish","format-standard","hentry","category-outras"],"jetpack_featured_media_url":"","jetpack_sharing_enabled":true,"_links":{"self":[{"href":"https:\/\/www.frelimo.org.mz\/index.php?rest_route=\/wp\/v2\/posts\/1176","targetHints":{"allow":["GET"]}}],"collection":[{"href":"https:\/\/www.frelimo.org.mz\/index.php?rest_route=\/wp\/v2\/posts"}],"about":[{"href":"https:\/\/www.frelimo.org.mz\/index.php?rest_route=\/wp\/v2\/types\/post"}],"author":[{"embeddable":true,"href":"https:\/\/www.frelimo.org.mz\/index.php?rest_route=\/wp\/v2\/users\/1"}],"replies":[{"embeddable":true,"href":"https:\/\/www.frelimo.org.mz\/index.php?rest_route=%2Fwp%2Fv2%2Fcomments&post=1176"}],"version-history":[{"count":0,"href":"https:\/\/www.frelimo.org.mz\/index.php?rest_route=\/wp\/v2\/posts\/1176\/revisions"}],"wp:attachment":[{"href":"https:\/\/www.frelimo.org.mz\/index.php?rest_route=%2Fwp%2Fv2%2Fmedia&parent=1176"}],"wp:term":[{"taxonomy":"category","embeddable":true,"href":"https:\/\/www.frelimo.org.mz\/index.php?rest_route=%2Fwp%2Fv2%2Fcategories&post=1176"},{"taxonomy":"post_tag","embeddable":true,"href":"https:\/\/www.frelimo.org.mz\/index.php?rest_route=%2Fwp%2Fv2%2Ftags&post=1176"}],"curies":[{"name":"wp","href":"https:\/\/api.w.org\/{rel}","templated":true}]}}