{"id":1165,"date":"2015-11-24T09:14:17","date_gmt":"2015-11-24T09:14:17","guid":{"rendered":"https:\/\/www.frelimo.org.mz\/?p=1165"},"modified":"2015-11-24T09:14:17","modified_gmt":"2015-11-24T09:14:17","slug":"gala-de-natal-na-nunciatura-apostolica-de-mocambique","status":"publish","type":"post","link":"https:\/\/www.frelimo.org.mz\/?p=1165","title":{"rendered":"Gala de Natal, na Nunciatura Apost\u00f3lica de Mocambique"},"content":{"rendered":"<p><img loading=\"lazy\" decoding=\"async\" class=\" size-full wp-image-1159\" src=\"https:\/\/www.frelimo.org.mz\/\/wp-content\/uploads\/2015\/11\/Gala_do_Natal_1.jpg\" alt=\"Gala do Natal 1\" width=\"1000\" height=\"665\" \/><\/p>\n<p>Participac\u00e3o do Presidente da Rep\u00fablica e Esposa, na Gala de Natal, na Nunciatura Apost\u00f3lica de Mocambique<\/p>\n<p><img loading=\"lazy\" decoding=\"async\" class=\" size-full wp-image-1160\" src=\"https:\/\/www.frelimo.org.mz\/\/wp-content\/uploads\/2015\/11\/Gala_do_Natal_2.jpg\" alt=\"Gala do Natal 2\" width=\"1000\" height=\"1076\" \/><\/p>\n<p><img loading=\"lazy\" decoding=\"async\" class=\" size-full wp-image-1161\" src=\"https:\/\/www.frelimo.org.mz\/\/wp-content\/uploads\/2015\/11\/Gala_do_Natal_3.jpg\" alt=\"Gala do Natal 3\" width=\"1000\" height=\"665\" \/><\/p>\n<p><img loading=\"lazy\" decoding=\"async\" class=\" size-full wp-image-1162\" src=\"https:\/\/www.frelimo.org.mz\/\/wp-content\/uploads\/2015\/11\/Gala_do_Natal_4.jpg\" alt=\"Gala do Natal 4\" width=\"1000\" height=\"665\" \/><\/p>\n<p><img loading=\"lazy\" decoding=\"async\" class=\" size-full wp-image-1163\" src=\"https:\/\/www.frelimo.org.mz\/\/wp-content\/uploads\/2015\/11\/Gala_do_Natal_5.jpg\" alt=\"Gala do Natal 5\" width=\"1000\" height=\"665\" \/><\/p>\n<p><img loading=\"lazy\" decoding=\"async\" class=\" size-full wp-image-1164\" src=\"https:\/\/www.frelimo.org.mz\/\/wp-content\/uploads\/2015\/11\/Gala_do_Natal_6.jpg\" alt=\"Gala do Natal 6\" width=\"1000\" height=\"665\" \/><\/p>\n","protected":false},"excerpt":{"rendered":"<p>Participac\u00e3o do Presidente da Rep\u00fablica e Esposa, na Gala de Natal, na Nunciatura Apost\u00f3lica de Mocambique<\/p>\n","protected":false},"author":1,"featured_media":1159,"comment_status":"open","ping_status":"open","sticky":false,"template":"","format":"standard","meta":{"_jetpack_memberships_contains_paid_content":false,"footnotes":""},"categories":[4],"tags":[],"class_list":["post-1165","post","type-post","status-publish","format-standard","has-post-thumbnail","hentry","category-outras"],"jetpack_featured_media_url":"https:\/\/www.frelimo.org.mz\/wp-content\/uploads\/2015\/11\/Gala_do_Natal_1.jpg","jetpack_sharing_enabled":true,"_links":{"self":[{"href":"https:\/\/www.frelimo.org.mz\/index.php?rest_route=\/wp\/v2\/posts\/1165","targetHints":{"allow":["GET"]}}],"collection":[{"href":"https:\/\/www.frelimo.org.mz\/index.php?rest_route=\/wp\/v2\/posts"}],"about":[{"href":"https:\/\/www.frelimo.org.mz\/index.php?rest_route=\/wp\/v2\/types\/post"}],"author":[{"embeddable":true,"href":"https:\/\/www.frelimo.org.mz\/index.php?rest_route=\/wp\/v2\/users\/1"}],"replies":[{"embeddable":true,"href":"https:\/\/www.frelimo.org.mz\/index.php?rest_route=%2Fwp%2Fv2%2Fcomments&post=1165"}],"version-history":[{"count":0,"href":"https:\/\/www.frelimo.org.mz\/index.php?rest_route=\/wp\/v2\/posts\/1165\/revisions"}],"wp:featuredmedia":[{"embeddable":true,"href":"https:\/\/www.frelimo.org.mz\/index.php?rest_route=\/wp\/v2\/media\/1159"}],"wp:attachment":[{"href":"https:\/\/www.frelimo.org.mz\/index.php?rest_route=%2Fwp%2Fv2%2Fmedia&parent=1165"}],"wp:term":[{"taxonomy":"category","embeddable":true,"href":"https:\/\/www.frelimo.org.mz\/index.php?rest_route=%2Fwp%2Fv2%2Fcategories&post=1165"},{"taxonomy":"post_tag","embeddable":true,"href":"https:\/\/www.frelimo.org.mz\/index.php?rest_route=%2Fwp%2Fv2%2Ftags&post=1165"}],"curies":[{"name":"wp","href":"https:\/\/api.w.org\/{rel}","templated":true}]}}