{"id":1157,"date":"2015-11-23T12:09:04","date_gmt":"2015-11-23T12:09:04","guid":{"rendered":"https:\/\/www.frelimo.org.mz\/?p=1157"},"modified":"2015-11-23T12:09:04","modified_gmt":"2015-11-23T12:09:04","slug":"comunicacao-social-como-veiculo-para-a-promocao-e-manutencao-da-paz","status":"publish","type":"post","link":"https:\/\/www.frelimo.org.mz\/?p=1157","title":{"rendered":"Comunica\u00e7\u00e3o Social como ve\u00edculo para a promo\u00e7\u00e3o e manuten\u00e7\u00e3o da Paz"},"content":{"rendered":"<div style=\"border: 2.5pt double windowtext; padding: 1pt 4pt;\">\n<p style=\"margin-bottom: 0.0001pt; text-align: justify; line-height: 150%; border: none; padding: 0in;\"><span style=\"font-size: 14pt; line-height: 150%; font-family: 'Trebuchet MS', sans-serif;\">Discurso de Sua Excel\u00eancia Filipe Jacinto Nyusi, Presidente da Rep\u00fablica de Mo\u00e7ambique, alusivo a Conferencia Nacional sobre Comunica\u00e7\u00e3o Social, Viol\u00eancia e Paz<\/span><\/p>\n<p style=\"margin-bottom: 0.0001pt; text-align: right; line-height: 150%; border: none; padding: 0in;\" align=\"right\"><span style=\"font-size: 14pt; line-height: 150%; font-family: 'Trebuchet MS', sans-serif;\">Maputo, 23 de Novembro de 2015<\/span><\/p>\n<\/div>\n<p style=\"margin-bottom: 0.0001pt; text-align: justify; line-height: 150%;\"><span style=\"font-size: 14pt; line-height: 150%; font-family: 'Trebuchet MS', sans-serif;\"><\/span><\/p>\n<p><!--more--><\/p>\n<p style=\"margin-bottom: 0.0001pt; text-align: justify; line-height: 150%;\"><span style=\"font-size: 14pt; line-height: 150%; font-family: 'Trebuchet MS', sans-serif;\">Permitam-me saudar a todos os participantes desta confer\u00eancia, particularmente, os profissionais de comunica\u00e7\u00e3o social de Mo\u00e7ambique, cujo trabalho abnegado tem contribu\u00eddo, para a promo\u00e7\u00e3o, defesa da Paz e da Unidade Nacional.<\/span><\/p>\n<p style=\"margin-bottom: 0.0001pt; text-align: justify; line-height: 150%;\"><span style=\"font-size: 14pt; line-height: 150%; font-family: 'Trebuchet MS', sans-serif;\">Felicitamos o Conselho Superior de Comunica\u00e7\u00e3o Social e todos aqueles que participaram na concep\u00e7\u00e3o e organiza\u00e7\u00e3o desta Confer\u00eancia que marca a primeira maior apari\u00e7\u00e3o p\u00fablica do novo elenco deste \u00f3rg\u00e3o. Certamente este acto legitima a nossa op\u00e7\u00e3o neste elenco.<\/span><\/p>\n<p style=\"margin-bottom: 0.0001pt; text-align: justify; line-height: 150%;\"><span style=\"font-size: 14pt; line-height: 150%; font-family: 'Trebuchet MS', sans-serif;\">Este evento tem, desde logo, o m\u00e9rito de trazer a debate um tema actual e oportuno. O papel da Comunica\u00e7\u00e3o Social para combater a Viol\u00eancia e promover a Paz. \u00c9 um assunto da maior urg\u00eancia e <strong>acuidade<\/strong> numa altura em que a sociedade clama por uma paz duradoira para o nosso pa\u00eds.<\/span><\/p>\n<p style=\"margin-bottom: 0.0001pt; text-align: justify; line-height: 150%;\"><span style=\"font-size: 14pt; line-height: 150%; font-family: 'Trebuchet MS', sans-serif;\">Estamos certos que esta confer\u00eancia ser\u00e1 uma excelente oportunidade para que os profissionais do sector possam debater as suas ideias sobre quest\u00f5es estrat\u00e9gicas mas sobretudo os modos concretos de interven\u00e7\u00e3o. <\/span><\/p>\n<p style=\"margin-bottom: 0.0001pt; text-align: justify; line-height: 150%;\"><span style=\"font-size: 14pt; line-height: 150%; font-family: 'Trebuchet MS', sans-serif;\">S\u00e3o essas interven\u00e7\u00f5es que realmente importam. S\u00e3o elas que educam para a mudan\u00e7a, s\u00e3o elas que criam uma atitude de confian\u00e7a no presente e de esperan\u00e7a no futuro. <\/span><\/p>\n<p style=\"margin-bottom: 0.0001pt; text-align: justify; line-height: 150%;\"><span style=\"font-size: 14pt; line-height: 150%; font-family: 'Trebuchet MS', sans-serif;\">Esta \u00e9 uma das formas de implementar o que dissemos durante a nossa investidura. Sabemos de inadi\u00e1vel urg\u00eancia da Paz.<\/span><\/p>\n<p style=\"margin-bottom: 0.0001pt; text-align: justify; line-height: 150%;\"><span style=\"font-size: 14pt; line-height: 150%; font-family: 'Trebuchet MS', sans-serif;\">Temos que falar de Paz n\u00e3o apenas quando somos directamente amea\u00e7ados pela guerra. A verdadeira Paz \u00e9 uma cultura de escuta e de di\u00e1logo construtivo.<\/span><\/p>\n<p style=\"margin-bottom: 0.0001pt; text-align: justify; line-height: 150%;\"><span style=\"font-size: 14pt; line-height: 150%; font-family: 'Trebuchet MS', sans-serif;\">A Paz duradoura nasce do modo como nos sentimos uma \u00fanica fam\u00edlia, cada um com a sua hist\u00f3ria e o seu modo de pensar, mas unidos pela perten\u00e7a a uma mesma Hist\u00f3ria. &nbsp;<\/span><\/p>\n<p style=\"margin-bottom: 0.0001pt; text-align: justify; line-height: 150%;\"><span style=\"font-size: 14pt; line-height: 150%; font-family: 'Trebuchet MS', sans-serif;\">H\u00e1 40 anos que a comunica\u00e7\u00e3o ajuda a tecer os fios dessa epopeia que \u00e9 a constru\u00e7\u00e3o da nossa mo\u00e7ambicanidade. <\/span><\/p>\n<p style=\"margin-bottom: 0.0001pt; text-align: justify; line-height: 150%;\"><span style=\"font-size: 14pt; line-height: 150%; font-family: 'Trebuchet MS', sans-serif;\">Estamos certos que neste espa\u00e7o de debate se encontrar\u00e3o formas de refor\u00e7ar essa contribui\u00e7\u00e3o para um Mo\u00e7ambique em que todos possam viver sem medo. Sem medo dos outros, sem medo do futuro. <\/span><\/p>\n<p style=\"margin-bottom: 0.0001pt; text-align: justify; line-height: 150%;\"><span style=\"font-size: 14pt; line-height: 150%; font-family: 'Trebuchet MS', sans-serif;\">A Viol\u00eancia \u00e9 um outro tema que aqui se ir\u00e1 debater. Todos sabemos que n\u00e3o existe uma \u00fanica Viol\u00eancia. H\u00e1 formas mais vis\u00edveis de viol\u00eancia que todos conhecemos. Mas subsistem formas mais ocultas e silenciosas que \u00e9 necess\u00e1rio denunciar. <\/span><\/p>\n<p style=\"margin-bottom: 0.0001pt; text-align: justify; line-height: 150%;\"><span style=\"font-size: 14pt; line-height: 150%; font-family: 'Trebuchet MS', sans-serif;\">A viol\u00eancia contra as mulheres, contra os albinos, contra as vi\u00favas, contra os idosos e as crian\u00e7as e todos os grupos indefesos, toda essa viol\u00eancia deve ser uma preocupa\u00e7\u00e3o permanente da nossa comunica\u00e7\u00e3o social. \u00c9 imperioso continuar a identificar e denunciar os casos e as tend\u00eancias negativas.<\/span><\/p>\n<p style=\"margin-bottom: 0.0001pt; text-align: justify; line-height: 150%;\"><span style=\"font-size: 14pt; line-height: 150%; font-family: 'Trebuchet MS', sans-serif;\">Mas \u00e9 igualmente necess\u00e1rio recolher hist\u00f3rias concretas que sejam exemplares por aquilo que t\u00eam de positivo. \u00c9 preciso falarmos das in\u00fameras pessoas que constituem um modelo de bravura no combate ao crime e \u00e0 viol\u00eancia. <\/span><\/p>\n<p style=\"margin-bottom: 0.0001pt; text-align: justify; line-height: 150%;\"><span style=\"font-size: 14pt; line-height: 150%; font-family: 'Trebuchet MS', sans-serif;\">\u00c9 preciso que a nossa informa\u00e7\u00e3o fale de gente que se notabilizou por ac\u00e7\u00f5es solid\u00e1rias e de ajuda aos seus irm\u00e3os desfavorecidos. \u00c9 preciso, enfim, divulgar o m\u00e9rito de todos os que constroem uma na\u00e7\u00e3o mais solid\u00e1ria, mais pac\u00edfica e com valores morais. <\/span><\/p>\n<p style=\"margin-bottom: 0.0001pt; text-align: justify; line-height: 150%;\"><span style=\"font-size: 14pt; line-height: 150%; font-family: 'Trebuchet MS', sans-serif;\">Mais uma vez, a informa\u00e7\u00e3o pode funcionar como uma grande sala de aula onde diariamente se aprende \u00e9tica e humanidade.<\/span><\/p>\n<p style=\"margin-bottom: 0.0001pt; text-align: justify; line-height: 150%;\"><span style=\"font-size: 14pt; line-height: 150%; font-family: 'Trebuchet MS', sans-serif;\">Em muitas sociedades, a&nbsp; viol\u00eancia j\u00e1 n\u00e3o \u00e9 apenas num fen\u00f3meno localizado e tempor\u00e1rio. Transformou-se numa cultura. Para contrariar essa cultura nunca \u00e9 bastante o uso de for\u00e7as policiais. <\/span><\/p>\n<p style=\"margin-bottom: 0.0001pt; text-align: justify; line-height: 150%;\"><span style=\"font-size: 14pt; line-height: 150%; font-family: 'Trebuchet MS', sans-serif;\">\u00c9 preciso responder com uma cultura de n\u00e3o viol\u00eancia, uma cultura de di\u00e1logo e de debate aberto e permanente. Essa cultura tem que ser reproduzida quotidianamente nos nossos \u00f3rg\u00e3os de comunica\u00e7\u00e3o. <\/span><\/p>\n<p style=\"margin-bottom: 0.0001pt; text-align: justify; line-height: 150%;\"><span style=\"font-size: 14pt; line-height: 150%; font-family: 'Trebuchet MS', sans-serif;\">Cada jornal, cada esta\u00e7\u00e3o de r\u00e1dio ou de televis\u00e3o devem ser uma sala de aula onde aprendemos cidadania, conviv\u00eancia e o sentimento de perten\u00e7a a uma mesma fam\u00edlia.<\/span><\/p>\n<p style=\"margin-bottom: 0.0001pt; text-align: justify; line-height: 150%;\"><strong><span style=\"font-size: 14pt; line-height: 150%; font-family: 'Trebuchet MS', sans-serif;\">Caros jornalistas!<\/span><\/strong><\/p>\n<p style=\"margin-bottom: 0.0001pt; text-align: justify; line-height: 150%;\"><span style=\"font-size: 14pt; line-height: 150%; font-family: 'Trebuchet MS', sans-serif;\">O jornalismo ajuda a consolidar uma Na\u00e7\u00e3o. A comunica\u00e7\u00e3o faz-nos lembrar que n\u00e3o h\u00e1 longe nem perto quando se trata das terras e da gente de Mo\u00e7ambique. <\/span><\/p>\n<p style=\"margin-bottom: 0.0001pt; text-align: justify; line-height: 150%;\"><span style=\"font-size: 14pt; line-height: 150%; font-family: 'Trebuchet MS', sans-serif;\">Diariamente, sentimos o pulsar do Estado em todos os recantos da nossa Na\u00e7\u00e3o. Diariamente vozes de Lichinga s\u00e3o ouvidas em Tambara ou em Funhalouro; rostos de Marracuene ou de Tsangano s\u00e3o vistos em Montepuez; m\u00fasicas de Namialo s\u00e3o ouvidas em Chibabava ou em Milange. <\/span><\/p>\n<p style=\"margin-bottom: 0.0001pt; text-align: justify; line-height: 150%;\"><span style=\"font-size: 14pt; line-height: 150%; font-family: 'Trebuchet MS', sans-serif;\">Quando tudo isto acontece estamos, de uma forma viva e personalizada, a tecer os fios dessa grande constru\u00e7\u00e3o que \u00e9 a nossa unidade nacional. <\/span><\/p>\n<p style=\"margin-bottom: 0.0001pt; text-align: justify; line-height: 150%;\"><span style=\"font-size: 14pt; line-height: 150%; font-family: 'Trebuchet MS', sans-serif;\">E, de facto, a consolida\u00e7\u00e3o da Unidade Nacional continua a ser a nossa grande prioridade. Porque dessa unidade efectiva e vivida por todos resulta um clima mais favor\u00e1vel \u00e0 Paz e ao fim da viol\u00eancia.<\/span><\/p>\n<p style=\"margin-bottom: 0.0001pt; text-align: justify; line-height: 150%;\"><span style=\"font-size: 14pt; line-height: 150%; font-family: 'Trebuchet MS', sans-serif;\">Deste modo, continuaremos nos nossos discursos de Estado, estes que n\u00e3o cansaremos de alimentar a Na\u00e7\u00e3o, a proclamar a necessidade de uma na\u00e7\u00e3o unida e coesa.<\/span><\/p>\n<p style=\"margin-bottom: 0.0001pt; text-align: justify; line-height: 150%;\"><span style=\"font-size: 14pt; line-height: 150%; font-family: 'Trebuchet MS', sans-serif;\">Continuaremos a defender uma na\u00e7\u00e3o imune a qualquer tentativa de divisionismo. <\/span><\/p>\n<p style=\"margin-bottom: 0.0001pt; text-align: justify; line-height: 150%;\"><span style=\"font-size: 14pt; line-height: 150%; font-family: 'Trebuchet MS', sans-serif;\">Para que esta mensagem se torne parte da vida de cada mo\u00e7ambicano, \u00e9 preciso que ela se converta em epis\u00f3dios concretos, em hist\u00f3rias de pessoas que t\u00eam um nome e um rosto. <\/span><\/p>\n<p style=\"margin-bottom: 0.0001pt; text-align: justify; line-height: 150%;\"><span style=\"font-size: 14pt; line-height: 150%; font-family: 'Trebuchet MS', sans-serif;\">Esta \u00e9 miss\u00e3o de todos, ningu\u00e9m pode fazer sozinho aquilo que dizemose sabemos que \u00e9 bom para todos.<\/span><\/p>\n<p style=\"margin-bottom: 0.0001pt; text-align: justify; line-height: 150%;\"><span style=\"font-size: 14pt; line-height: 150%; font-family: 'Trebuchet MS', sans-serif;\">\u00c9 um ponto assente que um dos maiores deveres da informa\u00e7\u00e3o \u00e9 a sua actualidade. \u00c9 preciso noticiar em tempo certo o que se passa no pa\u00eds e no mundo. <\/span><\/p>\n<p style=\"margin-bottom: 0.0001pt; text-align: justify; line-height: 150%;\"><span style=\"font-size: 14pt; line-height: 150%; font-family: 'Trebuchet MS', sans-serif;\">Mas \u00e9 igualmente importante n\u00e3o esquecer o trabalho de reportagem que visita os lugares e as pessoas de todos os recantos do territ\u00f3rio Nacional.<\/span><\/p>\n<p style=\"margin-bottom: 0.0001pt; text-align: justify; line-height: 150%;\"><span style=\"font-size: 14pt; line-height: 150%; font-family: 'Trebuchet MS', sans-serif;\">De todo o modo, meus caros amigos, n\u00e3o se trata apenas de fazer not\u00edcias. A forma como se produz uma not\u00edcia \u00e9 t\u00e3o importante como o resultado final.<\/span><\/p>\n<p style=\"margin-bottom: 0.0001pt; text-align: justify; line-height: 150%;\"><span style=\"font-size: 14pt; line-height: 150%; font-family: 'Trebuchet MS', sans-serif;\">O jornalista deve escutar com isen\u00e7\u00e3o todas as partes envolvidas. Deve dar voz a todos,&nbsp; sem exclus\u00e3o. Se assim proceder, com isen\u00e7\u00e3o e profissionalismo, a informa\u00e7\u00e3o \u00e9 um espa\u00e7o de exerc\u00edcio da democracia. <\/span><\/p>\n<p style=\"margin-bottom: 0.0001pt; text-align: justify; line-height: 150%;\"><span style=\"font-size: 14pt; line-height: 150%; font-family: 'Trebuchet MS', sans-serif;\">\u00c9 um espa\u00e7o de exerc\u00edcio do di\u00e1logo construtivo. E dialogo, todos sabemos, constitui um dos pilares de uma Paz verdadeira e sustent\u00e1vel. <\/span><\/p>\n<p style=\"margin-bottom: 0.0001pt; text-align: justify; line-height: 150%;\"><strong><span style=\"font-size: 14pt; line-height: 150%; font-family: 'Trebuchet MS', sans-serif;\">Caros Gestores de Empresas Jornal\u00edsticas;<\/span><\/strong><\/p>\n<p style=\"margin-bottom: 0.0001pt; text-align: justify; line-height: 150%;\"><strong><span style=\"font-size: 14pt; line-height: 150%; font-family: 'Trebuchet MS', sans-serif;\">Caros Directores e Editores;<\/span><\/strong><\/p>\n<p style=\"margin-bottom: 0.0001pt; text-align: justify; line-height: 150%;\"><strong><span style=\"font-size: 14pt; line-height: 150%; font-family: 'Trebuchet MS', sans-serif;\">Caros Jornalistas!<\/span><\/strong><\/p>\n<p style=\"margin-bottom: 0.0001pt; text-align: justify; line-height: 150%;\"><span style=\"font-size: 14pt; line-height: 150%; font-family: 'Trebuchet MS', sans-serif;\">Mo\u00e7ambique \u00e9 um pa\u00eds que se orgulha do respeito pela liberdade de imprensa e de opini\u00e3o. Caros jornalistas s\u00e3o testemunhas porque viajam em movimento, viajam tecnologicamente e estabelecem compara\u00e7\u00f5es.<\/span><\/p>\n<p style=\"margin-bottom: 0.0001pt; text-align: justify; line-height: 150%;\"><span style=\"font-size: 14pt; line-height: 150%; font-family: 'Trebuchet MS', sans-serif;\">Essa conquista deve ser defendida n\u00e3o apenas a n\u00edvel pol\u00edtico e institucional mas sobretudo pelo brio e profissionalismo dos pr\u00f3prios trabalhadores da comunica\u00e7\u00e3o social. <\/span><\/p>\n<p style=\"margin-bottom: 0.0001pt; text-align: justify; line-height: 150%;\"><span style=\"font-size: 14pt; line-height: 150%; font-family: 'Trebuchet MS', sans-serif;\">Dissemos antes que as boas ideias n\u00e3o ter cor partid\u00e1ria. Pois o bom jornalismo tem uma \u00fanica cor: <strong>o respeito pela Verdade<\/strong>. <\/span><\/p>\n<p style=\"margin-bottom: 0.0001pt; text-align: justify; line-height: 150%;\"><span style=\"font-size: 14pt; line-height: 150%; font-family: 'Trebuchet MS', sans-serif;\">Para chegar \u00e0 Verdade, por\u00e9m, h\u00e1 um trabalho apurado a ser feito. \u00c9 preciso investigar os factos, escutar e interrogar as fontes e ser eticamente respons\u00e1vel. <\/span><\/p>\n<p style=\"margin-bottom: 0.0001pt; text-align: justify; line-height: 150%;\"><span style=\"font-size: 14pt; line-height: 150%; font-family: 'Trebuchet MS', sans-serif;\">O progresso de Mo\u00e7ambique, num caminho de harmonia e crescimento, dependem de uma informa\u00e7\u00e3o de qualidade, dependem de uma informa\u00e7\u00e3o cr\u00edtica, patri\u00f3tica e construtiva de futuro.&nbsp; <\/span><\/p>\n<p style=\"margin-bottom: 0.0001pt; text-align: justify; line-height: 150%;\"><span style=\"font-size: 14pt; line-height: 150%; font-family: 'Trebuchet MS', sans-serif;\">Os meios de comunica\u00e7\u00e3o n\u00e3o s\u00e3o apenas formas de informar, educar e entreter. S\u00e3o mecanismos de troca e de di\u00e1logo em que o cidad\u00e3o comum deve encontrar espa\u00e7o de participa\u00e7\u00e3o activa. <\/span><\/p>\n<p style=\"margin-bottom: 0.0001pt; text-align: justify; line-height: 150%;\"><span style=\"font-size: 14pt; line-height: 150%; font-family: 'Trebuchet MS', sans-serif;\">O debate democr\u00e1tico da nossa na\u00e7\u00e3o deve continuar a ser promovido pelos nossos \u00f3rg\u00e3os de comunica\u00e7\u00e3o. Queremos uma <i>paz positiva<\/i> que assente na aus\u00eancia da viol\u00eancia mas tamb\u00e9m na constru\u00e7\u00e3o de harmonia e justi\u00e7a social.<\/span><\/p>\n<p style=\"margin-bottom: 0.0001pt; text-align: justify; line-height: 150%;\"><span style=\"font-size: 14pt; line-height: 150%; font-family: 'Trebuchet MS', sans-serif;\">Por isso, a comunica\u00e7\u00e3o social deve continuar a lutar por merecer credibilidade e estatuto de &#8220;olheiros do cidad\u00e3o&#8221;, monitorando o desempenho legal e \u00e9tico das institui\u00e7\u00f5es p\u00fablicas e privadas dos seus respectivos titulares.<\/span><\/p>\n<p style=\"margin-bottom: 0.0001pt; text-align: justify; line-height: 150%;\"><span style=\"font-size: 14pt; line-height: 150%; font-family: 'Trebuchet MS', sans-serif;\">A comunica\u00e7\u00e3o social deve agregar valor nos processos de promo\u00e7\u00e3o e consolida\u00e7\u00e3o da paz, para merecer o estatuto de &#8220;reserva moral da sociedade&#8221; e mediador entre os cidad\u00e3os e entre estes e as institui\u00e7\u00f5es.<\/span><\/p>\n<p style=\"margin-bottom: 0.0001pt; text-align: justify; line-height: 150%;\"><span style=\"font-size: 14pt; line-height: 150%; font-family: 'Trebuchet MS', sans-serif;\">Comunicar para a Paz e para a N\u00e3o Viol\u00eancia implica pensar n\u00e3o apenas a sociedade mas tamb\u00e9m os limites \u00e9ticos e legais do exerc\u00edcio da actividade jornal\u00edstica. <\/span><\/p>\n<p style=\"margin-bottom: 0.0001pt; text-align: justify; line-height: 150%;\"><span style=\"font-size: 14pt; line-height: 150%; font-family: 'Trebuchet MS', sans-serif;\">Podemos, por exemplo, levantar quest\u00f5es como as seguintes: <\/span><\/p>\n<p style=\"margin-bottom: 0.0001pt; text-align: justify; text-indent: -0.25in; line-height: 150%;\">$1<span style=\"font-size: 14pt; line-height: 150%; font-family: Symbol;\">\u00b7<span style=\"font-size: 7pt; line-height: normal; font-family: 'Times New Roman';\">&nbsp;&nbsp;&nbsp;&nbsp;&nbsp;&nbsp;&nbsp; <\/span><\/span><span style=\"font-size: 14pt; line-height: 150%; font-family: 'Trebuchet MS', sans-serif;\">Como prevenir que, em lugar do debate de ideias, se promovam acusa\u00e7\u00f5es pessoais?<\/span><\/p>\n<p style=\"margin-bottom: 0.0001pt; text-align: justify; text-indent: -0.25in; line-height: 150%;\">$1<span style=\"font-size: 14pt; line-height: 150%; font-family: Symbol;\">\u00b7<span style=\"font-size: 7pt; line-height: normal; font-family: 'Times New Roman';\">&nbsp;&nbsp;&nbsp;&nbsp;&nbsp;&nbsp;&nbsp; <\/span><\/span><span style=\"font-size: 14pt; line-height: 150%; font-family: 'Trebuchet MS', sans-serif;\">Como prevenir esse acto de viol\u00eancia que consiste em acusar algu\u00e9m sem apresentar o contradit\u00f3rio?<\/span><\/p>\n<p style=\"margin-bottom: 0.0001pt; text-align: justify; text-indent: -0.25in; line-height: 150%;\">$1<span style=\"font-size: 14pt; line-height: 150%; font-family: Symbol;\">\u00b7<span style=\"font-size: 7pt; line-height: normal; font-family: 'Times New Roman';\">&nbsp;&nbsp;&nbsp;&nbsp;&nbsp;&nbsp;&nbsp; <\/span><\/span><span style=\"font-size: 14pt; line-height: 150%; font-family: 'Trebuchet MS', sans-serif;\">Como prevenir que, em nome da liberdade de imprensa, se promovam pronunciamentos de \u00f3dio racial, \u00e9tnico, religioso ou de g\u00e9nero?<\/span><\/p>\n<p style=\"margin-bottom: 0.0001pt; text-align: justify; text-indent: -0.25in; line-height: 150%;\">$1<span style=\"font-size: 14pt; line-height: 150%; font-family: Symbol;\">\u00b7<span style=\"font-size: 7pt; line-height: normal; font-family: 'Times New Roman';\">&nbsp;&nbsp;&nbsp;&nbsp;&nbsp;&nbsp;&nbsp; <\/span><\/span><span style=\"font-size: 14pt; line-height: 150%; font-family: 'Trebuchet MS', sans-serif;\">Como proceder para evitar que, em nome do direito \u00e0 palavra, deixemos que se reproduzam, nos nossos \u00f3rg\u00e3os de informa\u00e7\u00e3o, incitamentos ao \u00f3dio e \u00e0 viol\u00eancia?<\/span><\/p>\n<p style=\"margin-bottom: 0.0001pt; text-align: justify; text-indent: -0.25in; line-height: 150%;\">$1<span style=\"font-size: 14pt; line-height: 150%; font-family: Symbol;\">\u00b7<span style=\"font-size: 7pt; line-height: normal; font-family: 'Times New Roman';\">&nbsp;&nbsp;&nbsp;&nbsp;&nbsp;&nbsp;&nbsp; <\/span><\/span><span style=\"font-size: 14pt; line-height: 150%; font-family: 'Trebuchet MS', sans-serif;\">Como prevenir que o papel dos \u00f3rg\u00e3os de comunica\u00e7\u00e3o seja o de retransmitir passivamente os discursos dos que incitam \u00e0 agress\u00e3o violenta e \u00e0 divis\u00e3o do pa\u00eds?&nbsp; <\/span><\/p>\n<p style=\"margin-bottom: 0.0001pt; text-align: justify; line-height: 150%;\"><strong><span style=\"font-size: 14pt; line-height: 150%; font-family: 'Trebuchet MS', sans-serif;\">Ilustres participantes;<\/span><\/strong><\/p>\n<p style=\"margin-bottom: 0.0001pt; text-align: justify; line-height: 150%;\"><strong><span style=\"font-size: 14pt; line-height: 150%; font-family: 'Trebuchet MS', sans-serif;\">Minhas Senhoras e Meus Senhores!<\/span><\/strong><\/p>\n<p style=\"margin-bottom: 0.0001pt; text-align: justify; line-height: 150%;\"><span style=\"font-size: 14pt; line-height: 150%; font-family: 'Trebuchet MS', sans-serif;\">O jornalismo mo\u00e7ambicano tem um percurso de que se deve orgulhar na luta pela conquista e consolida\u00e7\u00e3o da independ\u00eancia e na constru\u00e7\u00e3o do orgulho de sermos mo\u00e7ambicanos. <\/span><\/p>\n<p style=\"margin-bottom: 0.0001pt; text-align: justify; line-height: 150%;\"><span style=\"font-size: 14pt; line-height: 150%; font-family: 'Trebuchet MS', sans-serif;\">Queremos lembrar aqui aqueles que deram as suas vidas pela defesa da liberdade, pela defesa de uma p\u00e1tria conduzida por valores de \u00e9tica e dignidade. Esse sacrif\u00edcio n\u00e3o ser\u00e1 esquecido, n\u00e3o ser\u00e1 ignorado. <\/span><\/p>\n<p style=\"margin-bottom: 0.0001pt; text-align: justify; line-height: 150%;\"><span style=\"font-size: 14pt; line-height: 150%; font-family: 'Trebuchet MS', sans-serif;\">Estamos certos que \u00e9 sobre este legado de dever e de honra que esta confer\u00eancia se vai inspirar para pensar como aprofundar a defesa de uma sociedade livre e plural, e de uma consci\u00eancia patri\u00f3tica e amante da Paz.<\/span><\/p>\n<p style=\"margin-bottom: 0.0001pt; text-align: justify; line-height: 150%;\"><span style=\"font-size: 14pt; line-height: 150%; font-family: 'Trebuchet MS', sans-serif;\">Os resultados dos vossos debates poder\u00e3o contribuir decisivamente para a forma\u00e7\u00e3o de uma opini\u00e3o p\u00fablica construtiva, informada e educada, refor\u00e7ando a nossa mo\u00e7ambicanidade.<\/span><\/p>\n<p style=\"margin-bottom: 0.0001pt; text-align: justify; line-height: 150%;\"><span style=\"font-size: 14pt; line-height: 150%; font-family: 'Trebuchet MS', sans-serif;\">Encorajamos aos profissionais da comunica\u00e7\u00e3o social a continuar a exercer os seus direitos cientes de que os direitos n\u00e3o s\u00e3o ilimitados, tendo em conta que n\u00e3o existe liberdade sem responsabilidade.<\/span><\/p>\n<p style=\"margin-bottom: 0.0001pt; text-align: justify; line-height: 150%;\"><span style=\"font-size: 14pt; line-height: 150%; font-family: 'Trebuchet MS', sans-serif;\">Deixamos \u00e0 vossa inteira responsabilidade para identificar a melhor forma da vossa participa\u00e7\u00e3o na promo\u00e7\u00e3o e preserva\u00e7\u00e3o da paz.<\/span><\/p>\n<p style=\"margin-bottom: 0.0001pt; text-align: justify; line-height: 150%;\"><span style=\"font-size: 14pt; line-height: 150%; font-family: 'Trebuchet MS', sans-serif;\">Com estas palavras sentimos que demos a nossa contribui\u00e7\u00e3o para o sucesso da vossa Confer\u00eancia e declaro aberta a <strong>Confer\u00eancia Nacional sobre Comunica\u00e7\u00e3o Social, Viol\u00eancia e Paz<\/strong>.<\/span><\/p>\n<p style=\"margin-bottom: 0.0001pt; text-align: center; line-height: 150%;\" align=\"center\"><strong><span style=\"font-size: 14pt; line-height: 150%; font-family: 'Trebuchet MS', sans-serif;\">Muito Obrigado!<\/span><\/strong><\/p>\n","protected":false},"excerpt":{"rendered":"<p>Discurso de Sua Excel\u00eancia Filipe Jacinto Nyusi, Presidente da Rep\u00fablica de Mo\u00e7ambique, alusivo a Conferencia Nacional sobre Comunica\u00e7\u00e3o Social, Viol\u00eancia e Paz Maputo, 23 de Novembro de 2015 Permitam-me saudar a todos os participantes desta confer\u00eancia, particularmente, os profissionais de comunica\u00e7\u00e3o social de Mo\u00e7ambique, cujo trabalho abnegado tem contribu\u00eddo, para a promo\u00e7\u00e3o, defesa da Paz &hellip;<\/p>\n","protected":false},"author":1,"featured_media":0,"comment_status":"open","ping_status":"open","sticky":false,"template":"","format":"standard","meta":{"_jetpack_memberships_contains_paid_content":false,"footnotes":""},"categories":[4],"tags":[],"class_list":["post-1157","post","type-post","status-publish","format-standard","hentry","category-outras"],"jetpack_featured_media_url":"","jetpack_sharing_enabled":true,"_links":{"self":[{"href":"https:\/\/www.frelimo.org.mz\/index.php?rest_route=\/wp\/v2\/posts\/1157","targetHints":{"allow":["GET"]}}],"collection":[{"href":"https:\/\/www.frelimo.org.mz\/index.php?rest_route=\/wp\/v2\/posts"}],"about":[{"href":"https:\/\/www.frelimo.org.mz\/index.php?rest_route=\/wp\/v2\/types\/post"}],"author":[{"embeddable":true,"href":"https:\/\/www.frelimo.org.mz\/index.php?rest_route=\/wp\/v2\/users\/1"}],"replies":[{"embeddable":true,"href":"https:\/\/www.frelimo.org.mz\/index.php?rest_route=%2Fwp%2Fv2%2Fcomments&post=1157"}],"version-history":[{"count":0,"href":"https:\/\/www.frelimo.org.mz\/index.php?rest_route=\/wp\/v2\/posts\/1157\/revisions"}],"wp:attachment":[{"href":"https:\/\/www.frelimo.org.mz\/index.php?rest_route=%2Fwp%2Fv2%2Fmedia&parent=1157"}],"wp:term":[{"taxonomy":"category","embeddable":true,"href":"https:\/\/www.frelimo.org.mz\/index.php?rest_route=%2Fwp%2Fv2%2Fcategories&post=1157"},{"taxonomy":"post_tag","embeddable":true,"href":"https:\/\/www.frelimo.org.mz\/index.php?rest_route=%2Fwp%2Fv2%2Ftags&post=1157"}],"curies":[{"name":"wp","href":"https:\/\/api.w.org\/{rel}","templated":true}]}}