{"id":1147,"date":"2015-11-18T15:15:20","date_gmt":"2015-11-18T15:15:20","guid":{"rendered":"https:\/\/www.frelimo.org.mz\/?p=1147"},"modified":"2015-11-18T15:15:20","modified_gmt":"2015-11-18T15:15:20","slug":"maputo-acolhe-cimeira-dos-lideres-politicos","status":"publish","type":"post","link":"https:\/\/www.frelimo.org.mz\/?p=1147","title":{"rendered":"Maputo acolhe cimeira dos l\u00edderes pol\u00edticos"},"content":{"rendered":"<p><span style=\"font-family: verdana,geneva; font-size: 12pt;\">TEM lugar sexta-feira, em Maputo, a Cimeira Anual dos Presidentes dos Partidos Antigos Movimentos de Liberta\u00e7\u00e3o Nacional da \u00c1frica Austral.<\/span><\/p>\n<p><!--more--><\/p>\n<p><span style=\"font-family: verdana,geneva; font-size: 12pt;\"><\/span><\/p>\n<p><span style=\"font-family: verdana,geneva; font-size: 12pt;\">O objectivo \u00e9 aprofundar as rela\u00e7\u00f5es de amizade e de coopera\u00e7\u00e3o entre estas organiza\u00e7\u00f5es, forjadas durante as lutas de liberta\u00e7\u00e3o nacional e a necessidade da sua preserva\u00e7\u00e3o.<\/span><\/p>\n<p><span style=\"font-family: verdana,geneva; font-size: 12pt;\">De acordo com o porta-voz do partido Frelimo, Dami\u00e3o Jos\u00e9, o encontro de Maputo prop\u00f5e-se ainda a consolidar os desafios comuns na regi\u00e3o da \u00c1frica Austral e estrat\u00e9gias para fazer face aos mesmos.<\/span><\/p>\n<p><span style=\"font-family: verdana,geneva; font-size: 12pt;\">Assim, a convite do Presidente da Frelimo, Filipe Nyusi, participar\u00e3o nesta cimeira Jacob Zuma, Presidente do ANC, da Rep\u00fablica da \u00c1frica do Sul; JakayaKikwete, l\u00edder do Partido Chama Cha Mapinduzi (CCM), da Rep\u00fablica Unida da Tanzania; Jos\u00e9 Eduardo dos Santos, Presidente do MPLA, da Rep\u00fablica de Angola; Hage Geingob, l\u00edder da SWAPO, da Rep\u00fablica da Nam\u00edbia; e Robert Mugabe, Presidente da ZANU-PF, da Rep\u00fablica do Zimbabwe.<\/span><\/p>\n<p><span style=\"font-family: verdana,geneva; font-size: 12pt;\">\u201cA cimeira tem lugar em Mo\u00e7ambique, seguindo a sequ\u00eancia do princ\u00edpio de rotatividade em todos os pa\u00edses membros do f\u00f3rum. A \u00faltima reuni\u00e3o do g\u00e9nero teve lugar em Tswane, na Rep\u00fablica da \u00c1frica do Sul, em Mar\u00e7o de 2013\u201d, explicou o porta-voz da Frelimo, partido hospedeiro do encontro.<\/span><\/p>\n<p><span style=\"font-family: verdana,geneva; font-size: 12pt;\">A fonte explicou que a Cimeira dos Presidentes dos Partidos Pol\u00edticos Antigos Movimentos de Liberta\u00e7\u00e3o da \u00c1frica Austral vai ser precedida por reuni\u00f5es preparat\u00f3rias das Organiza\u00e7\u00f5es Sociais ligadas a estes ex-movimentos libertadores, nomeadamente, as Ligas dos Veteranos da Luta de Liberta\u00e7\u00e3o Nacional; das Mulheres e da Juventude; para al\u00e9m da reuni\u00e3o dos Secret\u00e1rios-Gerais desses Partidos.<\/span><\/p>\n<p><span style=\"font-family: verdana,geneva; font-size: 12pt;\">As reuni\u00f5es das ligas t\u00eam lugar hoje e a dos secret\u00e1rios-gerais amanh\u00e3.<\/span><\/p>\n","protected":false},"excerpt":{"rendered":"<p>TEM lugar sexta-feira, em Maputo, a Cimeira Anual dos Presidentes dos Partidos Antigos Movimentos de Liberta\u00e7\u00e3o Nacional da \u00c1frica Austral. O objectivo \u00e9 aprofundar as rela\u00e7\u00f5es de amizade e de coopera\u00e7\u00e3o entre estas organiza\u00e7\u00f5es, forjadas durante as lutas de liberta\u00e7\u00e3o nacional e a necessidade da sua preserva\u00e7\u00e3o. De acordo com o porta-voz do partido Frelimo, &hellip;<\/p>\n","protected":false},"author":1,"featured_media":0,"comment_status":"open","ping_status":"open","sticky":false,"template":"","format":"standard","meta":{"_jetpack_memberships_contains_paid_content":false,"footnotes":""},"categories":[4],"tags":[],"class_list":["post-1147","post","type-post","status-publish","format-standard","hentry","category-outras"],"jetpack_featured_media_url":"","jetpack_sharing_enabled":true,"_links":{"self":[{"href":"https:\/\/www.frelimo.org.mz\/index.php?rest_route=\/wp\/v2\/posts\/1147","targetHints":{"allow":["GET"]}}],"collection":[{"href":"https:\/\/www.frelimo.org.mz\/index.php?rest_route=\/wp\/v2\/posts"}],"about":[{"href":"https:\/\/www.frelimo.org.mz\/index.php?rest_route=\/wp\/v2\/types\/post"}],"author":[{"embeddable":true,"href":"https:\/\/www.frelimo.org.mz\/index.php?rest_route=\/wp\/v2\/users\/1"}],"replies":[{"embeddable":true,"href":"https:\/\/www.frelimo.org.mz\/index.php?rest_route=%2Fwp%2Fv2%2Fcomments&post=1147"}],"version-history":[{"count":0,"href":"https:\/\/www.frelimo.org.mz\/index.php?rest_route=\/wp\/v2\/posts\/1147\/revisions"}],"wp:attachment":[{"href":"https:\/\/www.frelimo.org.mz\/index.php?rest_route=%2Fwp%2Fv2%2Fmedia&parent=1147"}],"wp:term":[{"taxonomy":"category","embeddable":true,"href":"https:\/\/www.frelimo.org.mz\/index.php?rest_route=%2Fwp%2Fv2%2Fcategories&post=1147"},{"taxonomy":"post_tag","embeddable":true,"href":"https:\/\/www.frelimo.org.mz\/index.php?rest_route=%2Fwp%2Fv2%2Ftags&post=1147"}],"curies":[{"name":"wp","href":"https:\/\/api.w.org\/{rel}","templated":true}]}}