{"id":1142,"date":"2015-11-11T06:56:00","date_gmt":"2015-11-11T06:56:00","guid":{"rendered":"https:\/\/www.frelimo.org.mz\/?p=1142"},"modified":"2015-11-11T06:56:00","modified_gmt":"2015-11-11T06:56:00","slug":"presidente-da-republica-visita-base-logistica-d0-sector-petrolifero-no-porto-de-luanda","status":"publish","type":"post","link":"https:\/\/www.frelimo.org.mz\/?p=1142","title":{"rendered":"PRESIDENTE DA REP\u00daBLICA VISITA BASE LOG\u00cdSTICA D0 SECTOR PETROL\u00cdFERO NO PORTO DE LUANDA"},"content":{"rendered":"<p><span style=\"font-family: verdana,geneva; font-size: 12pt;\">No \u00e2mbito da visita de estado que efectua \u00e0 Angola, o Presidente da Rep\u00fablica, Filipe Nyusi, escalou, esta ter\u00e7a-feira, a SONILS LDA, encarregue de gest\u00e3o e desenvolvimento da base log\u00edstica do sector petrol\u00edfero angolano pelas empresas p\u00fablicas Sonangol e o Porto de Luanda, a t\u00edtulo de concess\u00e3o.<\/span><\/p>\n<p><!--more--><\/p>\n<p><span style=\"font-family: verdana,geneva; font-size: 12pt;\"><\/span><\/p>\n<p><span style=\"font-family: verdana,geneva; font-size: 12pt;\">Nyusi fazia-se acompanhar da miss\u00e3o empresarial mo\u00e7ambicana que est\u00e1 em Luanda para identificar \u00e0reas de investimento e de parceria com o empresariado angolano.<\/span><\/p>\n<p><span style=\"font-family: verdana,geneva; font-size: 12pt;\">Localizada na zona adjacente ao maior porto comercial de Angola, com uma \u00e1rea de dois milh\u00f5es de metros quadrados, a SONILS opera h\u00e1 20 anos prestando apoio log\u00edstico ao sector petrol\u00edfero.<\/span><br \/><span style=\"font-family: verdana,geneva; font-size: 12pt;\">Na \u00e1rea concessionada a SONILS, operam 80 empresas. Todas as empresas ligadas a \u00e1rea de petr\u00f3leos est\u00e3o representadas nesta base log\u00edstica.<\/span><\/p>\n<p><span style=\"font-family: verdana,geneva; font-size: 12pt;\">O Presidente mo\u00e7ambicano, Filipe Nyusi, numa breve declara\u00e7\u00e3o \u00e0 imprensa momentos ap\u00f3s a visita ao empreendimento, disse que Mo\u00e7ambique esta interessado em ver os procedimentos, sobretudo quando se trata de uma empresa com uma experi\u00eancia de 20 anos.<\/span><\/p>\n<p><span style=\"font-family: verdana,geneva; font-size: 12pt;\">\u201cColhendo a experi\u00eancia de outros pa\u00edses neste momento que estamos a entrar para a explora\u00e7\u00e3o dos hidrocarbonetos, temos a obriga\u00e7\u00e3o de fazer melhor, disse Nyusi.<\/span><br \/><span style=\"font-family: verdana,geneva; font-size: 12pt;\">Para o Ministro do Transportes e Comunica\u00e7\u00f5es, Carlos Mesquita, \u201cMo\u00e7ambique est\u00e1 a entrar na \u00e1rea de explora\u00e7\u00e3o e precisa de ver os pontos cr\u00edticos para se poder fazer o trabalho correctamente\u201d.<\/span><\/p>\n<p><span style=\"font-family: verdana,geneva; font-size: 12pt;\">\u201cInteressa-nos ver os aspectos log\u00edsticos no terreno, o processo de gest\u00e3o e processamento e a interac\u00e7\u00e3o para podermos providenciar servi\u00e7os de qualidade\u201d\u0094, disse Mesquita.<\/span><br \/><span style=\"font-family: verdana,geneva; font-size: 12pt;\">Mesquita fez lembrar que j\u00e1 existe um memorando rubricado entre a Sonangol e a Empresa Nacional de Hidrocarbonetos (ENH) com base no qual foi elaborado o Plano Director do sector e, o que se pretende \u00e9 continuar esse trabalho.<\/span><\/p>\n<p><span style=\"font-family: verdana,geneva; font-size: 12pt;\">Antes da entrada da SONILS, a log\u00edstica para o sector petrol\u00edfero era feita em cinco fase que agora foram reduzidas para tr\u00eas, incluindo o descarregamento e desalfandegamento. O armazenamento \u00e9 feito no local para depois ser transportada para o local de uso.<\/span><br \/><span style=\"font-family: verdana,geneva; font-size: 12pt;\">O cais tem uma profundidade de 12,5 metros e um comprimento de 2.064 metros, extens\u00e3o que dever\u00e1 ser alargada em mais 518 metros na segunda fase.<\/span><\/p>\n<p><span style=\"font-family: verdana,geneva; font-size: 12pt;\">Actualmente, a SONILS emprega 1.459 trabalhadores dos quais 98 por cento s\u00e3o de nacionalidade angolana.<\/span><br \/><span style=\"font-family: verdana,geneva; font-size: 12pt;\">&nbsp;<\/span><br \/><span style=\"font-family: verdana,geneva; font-size: 12pt;\">Nesta ter\u00e7a-feira&nbsp; ainda, o Chefe do Estado mo\u00e7ambicano, tomou parte na inaugura\u00e7\u00e3o do novo edif\u00edcio da Assembleia Nacional, o parlamento angolano, realiza\u00e7\u00e3o integrada nas comemora\u00e7\u00f5es dos quarente anos da independ\u00eancia de Angola, que se celebram amanh\u00e3, 11 de Novembro.<\/span><br \/><span style=\"font-family: verdana,geneva; font-size: 12pt;\">Trata-se de um edif\u00edcio composto por quatro bolcos, uma sala de plen\u00e1ria com 470 lugares para os deputados e 40 lugares para os membros de Executivo. Actualmente, o parlamento angolano conta com 220 deputados.<\/span><br \/><span style=\"font-family: verdana,geneva; font-size: 12pt;\">O edif\u00edcio, cuja constru\u00e7\u00e3o durou 48 meses, contempla ainda parques de estacionamento para 490 viaturas. As obras v\u00e3o continuar na sua segunda fase para a constru\u00e7\u00e3o de gabinetes de trabalho para as \u00e1reas de apoio. (RM\/AIM)<\/span><\/p>\n","protected":false},"excerpt":{"rendered":"<p>No \u00e2mbito da visita de estado que efectua \u00e0 Angola, o Presidente da Rep\u00fablica, Filipe Nyusi, escalou, esta ter\u00e7a-feira, a SONILS LDA, encarregue de gest\u00e3o e desenvolvimento da base log\u00edstica do sector petrol\u00edfero angolano pelas empresas p\u00fablicas Sonangol e o Porto de Luanda, a t\u00edtulo de concess\u00e3o. Nyusi fazia-se acompanhar da miss\u00e3o empresarial mo\u00e7ambicana que &hellip;<\/p>\n","protected":false},"author":1,"featured_media":0,"comment_status":"open","ping_status":"open","sticky":false,"template":"","format":"standard","meta":{"_jetpack_memberships_contains_paid_content":false,"footnotes":""},"categories":[4],"tags":[],"class_list":["post-1142","post","type-post","status-publish","format-standard","hentry","category-outras"],"jetpack_featured_media_url":"","jetpack_sharing_enabled":true,"_links":{"self":[{"href":"https:\/\/www.frelimo.org.mz\/index.php?rest_route=\/wp\/v2\/posts\/1142","targetHints":{"allow":["GET"]}}],"collection":[{"href":"https:\/\/www.frelimo.org.mz\/index.php?rest_route=\/wp\/v2\/posts"}],"about":[{"href":"https:\/\/www.frelimo.org.mz\/index.php?rest_route=\/wp\/v2\/types\/post"}],"author":[{"embeddable":true,"href":"https:\/\/www.frelimo.org.mz\/index.php?rest_route=\/wp\/v2\/users\/1"}],"replies":[{"embeddable":true,"href":"https:\/\/www.frelimo.org.mz\/index.php?rest_route=%2Fwp%2Fv2%2Fcomments&post=1142"}],"version-history":[{"count":0,"href":"https:\/\/www.frelimo.org.mz\/index.php?rest_route=\/wp\/v2\/posts\/1142\/revisions"}],"wp:attachment":[{"href":"https:\/\/www.frelimo.org.mz\/index.php?rest_route=%2Fwp%2Fv2%2Fmedia&parent=1142"}],"wp:term":[{"taxonomy":"category","embeddable":true,"href":"https:\/\/www.frelimo.org.mz\/index.php?rest_route=%2Fwp%2Fv2%2Fcategories&post=1142"},{"taxonomy":"post_tag","embeddable":true,"href":"https:\/\/www.frelimo.org.mz\/index.php?rest_route=%2Fwp%2Fv2%2Ftags&post=1142"}],"curies":[{"name":"wp","href":"https:\/\/api.w.org\/{rel}","templated":true}]}}