{"id":1135,"date":"2015-11-04T09:17:30","date_gmt":"2015-11-04T09:17:30","guid":{"rendered":"https:\/\/www.frelimo.org.mz\/?p=1135"},"modified":"2015-11-04T09:17:30","modified_gmt":"2015-11-04T09:17:30","slug":"presidente-da-republica-realiza-visita-de-estado-a-angola","status":"publish","type":"post","link":"https:\/\/www.frelimo.org.mz\/?p=1135","title":{"rendered":"PRESIDENTE DA REP\u00daBLICA REALIZA VISITA DE ESTADO \u00c0 ANGOLA"},"content":{"rendered":"<div class=\"itemIntroText\" style=\"margin: 0px; padding: 4px 0px 12px; border: 0px; outline: 0px; font-size: 13px; vertical-align: baseline; line-height: 23.4px; color: #444444; font-family: Arial, Helvetica, sans-serif; background-image: initial; background-attachment: initial; background-position: initial; background-repeat: initial;\">\n<p style=\"margin: 0.5em 0px; padding: 0px; border: 0px; outline: 0px; vertical-align: baseline; background: transparent;\"><span style=\"margin: 0px; padding: 0px; border: 0px; outline: 0px; font-size: 12pt; vertical-align: baseline; line-height: 18.4px; font-family: Verdana, sans-serif; background: transparent;\">A Comiss\u00e3o Parlamentar da Assembleia da rep\u00fablica autorizou o chefe do Estado, Filipe Nyusi, a efectuar uma visita de Estado \u00e0 Rep\u00fablica de Angola, de 8 a 12 de Novembro corrente<\/span><\/p>\n<p><!--more--><\/p>\n<p style=\"margin: 0.5em 0px; padding: 0px; border: 0px; outline: 0px; vertical-align: baseline; background: transparent;\"><span style=\"margin: 0px; padding: 0px; border: 0px; outline: 0px; font-size: 12pt; vertical-align: baseline; line-height: 18.4px; font-family: Verdana, sans-serif; background: transparent;\"><\/span><\/p>\n<\/div>\n<div class=\"itemFullText\" style=\"margin: 0px; padding: 0px; border: 0px; outline: 0px; font-size: 13px; vertical-align: baseline; color: #444444; font-family: Arial, Helvetica, sans-serif; line-height: 23.4px; background-image: initial; background-attachment: initial; background-position: initial; background-repeat: initial;\">\n<p style=\"margin: 0.5em 0px; padding: 0px; border: 0px; outline: 0px; vertical-align: baseline; background: transparent;\"><span style=\"margin: 0px; padding: 0px; border: 0px; outline: 0px; font-size: 12pt; vertical-align: baseline; line-height: 18.4px; font-family: Verdana, sans-serif; background: transparent;\">O Presidente da Rep\u00fablica visita aquele pa\u00eds africamno a convite do seu hom\u00f3logo, Jos\u00e9 Eduardo dos Santos.<\/span><\/p>\n<p style=\"margin: 0.5em 0px; padding: 0px; border: 0px; outline: 0px; vertical-align: baseline; background: transparent;\"><span style=\"margin: 0px; padding: 0px; border: 0px; outline: 0px; font-size: 12pt; vertical-align: baseline; line-height: 18.4px; font-family: Verdana, sans-serif; background: transparent;\">O pedido de visuta de Estado enquadra-se no \u00e2mbito do fortalecimento das rela\u00e7\u00f5es de amizade e de coopera\u00e7\u00e3o entre os dois pa\u00edses.<\/span><\/p>\n<p style=\"margin: 0.5em 0px; padding: 0px; border: 0px; outline: 0px; vertical-align: baseline; background: transparent;\"><span style=\"margin: 0px; padding: 0px; border: 0px; outline: 0px; font-size: 12pt; vertical-align: baseline; line-height: 18.4px; font-family: Verdana, sans-serif; background: transparent;\">O Primeiro-Vice-Presidente da Assembleia da rep\u00fablica, Ant\u00f3nio Jos\u00e9 Am\u00e9lia, diz que o chefe do estado mo\u00e7ambicano vai, igualmente, participar nas celebra\u00e7\u00f5es do quadrag\u00e9simo anivers\u00e1rio da independ\u00eancia de Angola.<\/span><\/p>\n<p style=\"margin: 0.5em 0px; padding: 0px; border: 0px; outline: 0px; vertical-align: baseline; background: transparent;\"><span style=\"margin: 0px; padding: 0px; border: 0px; outline: 0px; font-size: 12pt; vertical-align: baseline; line-height: 18.4px; font-family: Verdana, sans-serif; background: transparent;\">De acordo com a Constitui\u00e7\u00e3o da rep\u00fablica, em caso de uma visita de Estado, o Presidente da rep\u00fablica deve solicitar autoriza\u00e7\u00e3o ao Parlamento.<\/span><\/p>\n<p style=\"margin: 0.5em 0px; padding: 0px; border: 0px; outline: 0px; vertical-align: baseline; background: transparent;\"><span style=\"margin: 0px; padding: 0px; border: 0px; outline: 0px; font-size: 12pt; vertical-align: baseline; line-height: 18.4px; font-family: Verdana, sans-serif; background: transparent;\">Desde que assumiu o cargo, em Janeiro \u00faltimo, Filipe Nyusi j\u00e1 realizou visitas de Estado \u00e0 \u00cdndia, Portugal e \u00c1frica do Sul.<\/span><\/p>\n<\/div>\n","protected":false},"excerpt":{"rendered":"<p>A Comiss\u00e3o Parlamentar da Assembleia da rep\u00fablica autorizou o chefe do Estado, Filipe Nyusi, a efectuar uma visita de Estado \u00e0 Rep\u00fablica de Angola, de 8 a 12 de Novembro corrente O Presidente da Rep\u00fablica visita aquele pa\u00eds africamno a convite do seu hom\u00f3logo, Jos\u00e9 Eduardo dos Santos. O pedido de visuta de Estado enquadra-se &hellip;<\/p>\n","protected":false},"author":1,"featured_media":0,"comment_status":"open","ping_status":"open","sticky":false,"template":"","format":"standard","meta":{"_jetpack_memberships_contains_paid_content":false,"footnotes":""},"categories":[4],"tags":[],"class_list":["post-1135","post","type-post","status-publish","format-standard","hentry","category-outras"],"jetpack_featured_media_url":"","jetpack_sharing_enabled":true,"_links":{"self":[{"href":"https:\/\/www.frelimo.org.mz\/index.php?rest_route=\/wp\/v2\/posts\/1135","targetHints":{"allow":["GET"]}}],"collection":[{"href":"https:\/\/www.frelimo.org.mz\/index.php?rest_route=\/wp\/v2\/posts"}],"about":[{"href":"https:\/\/www.frelimo.org.mz\/index.php?rest_route=\/wp\/v2\/types\/post"}],"author":[{"embeddable":true,"href":"https:\/\/www.frelimo.org.mz\/index.php?rest_route=\/wp\/v2\/users\/1"}],"replies":[{"embeddable":true,"href":"https:\/\/www.frelimo.org.mz\/index.php?rest_route=%2Fwp%2Fv2%2Fcomments&post=1135"}],"version-history":[{"count":0,"href":"https:\/\/www.frelimo.org.mz\/index.php?rest_route=\/wp\/v2\/posts\/1135\/revisions"}],"wp:attachment":[{"href":"https:\/\/www.frelimo.org.mz\/index.php?rest_route=%2Fwp%2Fv2%2Fmedia&parent=1135"}],"wp:term":[{"taxonomy":"category","embeddable":true,"href":"https:\/\/www.frelimo.org.mz\/index.php?rest_route=%2Fwp%2Fv2%2Fcategories&post=1135"},{"taxonomy":"post_tag","embeddable":true,"href":"https:\/\/www.frelimo.org.mz\/index.php?rest_route=%2Fwp%2Fv2%2Ftags&post=1135"}],"curies":[{"name":"wp","href":"https:\/\/api.w.org\/{rel}","templated":true}]}}