{"id":1134,"date":"2015-11-03T07:20:01","date_gmt":"2015-11-03T07:20:01","guid":{"rendered":"https:\/\/www.frelimo.org.mz\/?p=1134"},"modified":"2015-11-03T07:20:01","modified_gmt":"2015-11-03T07:20:01","slug":"chupa-sangue-e-uma-invencao-que-merece-atencao-de-todos","status":"publish","type":"post","link":"https:\/\/www.frelimo.org.mz\/?p=1134","title":{"rendered":"\u201cChupa-sangue\u201d \u00e9 uma inven\u00e7\u00e3o que merece aten\u00e7\u00e3o de todos"},"content":{"rendered":"<p><span style=\"font-family: verdana, geneva; font-size: 12pt;\">O MEMBRO da Comiss\u00e3o Pol\u00edtica Da Frelimo e chefe da Brigada Central da Frelimo afecta \u00e0 prov\u00edncia de Nampula, Filipe Pa\u00fande, considera que o fen\u00f3meno do \u201cchupa-sangue\u201d propalado nos \u00faltimos tempos naquela regi\u00e3o do pa\u00eds \u201c\u00e9 obra da mentira\u201d.<\/span><\/p>\n<p><!--more--><\/p>\n<p><span style=\"font-family: verdana, geneva; font-size: 12pt;\"><\/span><\/p>\n<p><span style=\"font-family: verdana, geneva; font-size: 12pt;\">Pa\u00fande defende, por isso, que a an\u00e1lise do fen\u00f3meno deve envolver toda a sociedade, porque provoca instabilidade social na prov\u00edncia, luto e dor no seio de muitas fam\u00edlias inocentes e a destrui\u00e7\u00e3o de v\u00e1rias infra-estruturas nas comunidades.<\/span><\/p>\n<p><span style=\"font-family: verdana, geneva; font-size: 12pt;\">O pol\u00edtico, que se encontrava em mais uma jornada de trabalho na prov\u00edncia de Nampula, liderando uma brigada que fez o acompanhamento do grau de realiza\u00e7\u00f5es da Frelimo e do Governo, no \u00e2mbito do plano econ\u00f3mico e social relativo ao ano em curso, insistiu que o fen\u00f3meno \u201cchupa-sangue\u201d \u00e9 uma inven\u00e7\u00e3o de pessoas mal intencionadas que ciclicamente espalham boatos e mentiras sobre o assunto, sem, contudo, trazerem evid\u00eancias sobre as alegadas v\u00edtimas causadas pelo fen\u00f3meno.<\/span><\/p>\n<p><span style=\"font-family: verdana, geneva; font-size: 12pt;\">\u201cEste fen\u00f3meno \u00e9 preocupante e, como tal, desafia a sociedade no sentido de explicar que n\u00e3o se trata de algo palp\u00e1vel ou que exista realmente, para tranquilizar as pessoas que precisam de paz e harmonia para realizarem o seu trabalho, tendo em vista mitigar as necessidades e car\u00eancias das suas fam\u00edlias\u201d, disse Pa\u00fande.<\/span><\/p>\n<p><span style=\"font-family: verdana, geneva; font-size: 12pt;\">O boato sobre a alegada exist\u00eancia do fen\u00f3meno \u201cchupa sangue\u201d surgiu recentemente, em Nampula, na sequ\u00eancia da morte, por espancamento, de um l\u00edder comunit\u00e1rio no posto administrativo de Matibane, no distrito de Mossuril.<\/span><\/p>\n<p><span style=\"font-family: verdana, geneva; font-size: 12pt;\">Filipe Pa\u00fande, que revelou o facto, adiantou que o referido respons\u00e1vel foi assassinado ap\u00f3s ter sido indiciado de ser um \u201cchupa-sangue\u201d por um grupo de uma comunidade emocionada, que sem provas palp\u00e1veis das suas suspeitas partiu para a viol\u00eancia, que viria a culminar na agress\u00e3o fatal do finado.<\/span><\/p>\n<p><span style=\"font-family: verdana, geneva; font-size: 12pt;\">De acordo ainda com aquele respons\u00e1vel do partido Frelimo Sim, os distritos mais assolados pelo boato de \u201cchupa-sangue\u201d s\u00e3o Monapo e a cidade de Nampula, al\u00e9m de Mossuril, onde no posto administrativo de Lunga a comunidade destruiu as resid\u00eancias da secret\u00e1ria local da Organiza\u00e7\u00e3o da Mulher Mo\u00e7ambicana e do r\u00e9gulo da regi\u00e3o, alegadamente por serem respons\u00e1veis pelos males que acontecem na zona.<\/span><\/p>\n<p><span style=\"font-family: verdana, geneva; font-size: 12pt;\">\u201cEm v\u00e1rios pontos do distrito de Mossuril muitas casas foram abandonadas pelos propriet\u00e1rios, que se refugiaram nas matas para se prevenirem de um poss\u00edvel ataque dos \u201cchupa-sangue\u201d. Esta situa\u00e7\u00e3o ocorre sobretudo no per\u00edodo da noite. Contudo, quando question\u00e1mos localmente se existe, de facto, alguma v\u00edtima real do fen\u00f3meno, a resposta \u00e9 negativa\u201d, censurou Filipe Pa\u00fande.<\/span><\/p>\n<p><span style=\"font-family: verdana, geneva; font-size: 12pt;\">Nos pontos onde as comunidades levantam suspeitas da exist\u00eancia do \u201cchupa-sangue\u201d, os habitantes s\u00e3o for\u00e7ados a bater em latas, batuques, entre outros instrumentos suscept\u00edveis de provocar ru\u00eddo ensurdecedor, alegadamente para afugentar o \u201cchupador\u201d.<\/span><\/p>\n","protected":false},"excerpt":{"rendered":"<p>O MEMBRO da Comiss\u00e3o Pol\u00edtica Da Frelimo e chefe da Brigada Central da Frelimo afecta \u00e0 prov\u00edncia de Nampula, Filipe Pa\u00fande, considera que o fen\u00f3meno do \u201cchupa-sangue\u201d propalado nos \u00faltimos tempos naquela regi\u00e3o do pa\u00eds \u201c\u00e9 obra da mentira\u201d. Pa\u00fande defende, por isso, que a an\u00e1lise do fen\u00f3meno deve envolver toda a sociedade, porque provoca &hellip;<\/p>\n","protected":false},"author":1,"featured_media":0,"comment_status":"open","ping_status":"open","sticky":false,"template":"","format":"standard","meta":{"_jetpack_memberships_contains_paid_content":false,"footnotes":""},"categories":[4],"tags":[],"class_list":["post-1134","post","type-post","status-publish","format-standard","hentry","category-outras"],"jetpack_featured_media_url":"","jetpack_sharing_enabled":true,"_links":{"self":[{"href":"https:\/\/www.frelimo.org.mz\/index.php?rest_route=\/wp\/v2\/posts\/1134","targetHints":{"allow":["GET"]}}],"collection":[{"href":"https:\/\/www.frelimo.org.mz\/index.php?rest_route=\/wp\/v2\/posts"}],"about":[{"href":"https:\/\/www.frelimo.org.mz\/index.php?rest_route=\/wp\/v2\/types\/post"}],"author":[{"embeddable":true,"href":"https:\/\/www.frelimo.org.mz\/index.php?rest_route=\/wp\/v2\/users\/1"}],"replies":[{"embeddable":true,"href":"https:\/\/www.frelimo.org.mz\/index.php?rest_route=%2Fwp%2Fv2%2Fcomments&post=1134"}],"version-history":[{"count":0,"href":"https:\/\/www.frelimo.org.mz\/index.php?rest_route=\/wp\/v2\/posts\/1134\/revisions"}],"wp:attachment":[{"href":"https:\/\/www.frelimo.org.mz\/index.php?rest_route=%2Fwp%2Fv2%2Fmedia&parent=1134"}],"wp:term":[{"taxonomy":"category","embeddable":true,"href":"https:\/\/www.frelimo.org.mz\/index.php?rest_route=%2Fwp%2Fv2%2Fcategories&post=1134"},{"taxonomy":"post_tag","embeddable":true,"href":"https:\/\/www.frelimo.org.mz\/index.php?rest_route=%2Fwp%2Fv2%2Ftags&post=1134"}],"curies":[{"name":"wp","href":"https:\/\/api.w.org\/{rel}","templated":true}]}}