{"id":1130,"date":"2015-11-02T07:38:46","date_gmt":"2015-11-02T07:38:46","guid":{"rendered":"https:\/\/www.frelimo.org.mz\/?p=1130"},"modified":"2015-11-02T07:38:46","modified_gmt":"2015-11-02T07:38:46","slug":"o-metical-e-os-desafios-do-futuro","status":"publish","type":"post","link":"https:\/\/www.frelimo.org.mz\/?p=1130","title":{"rendered":"O METICAL E OS DESAFIOS DO FUTURO"},"content":{"rendered":"<div class=\"WordSection1\">\n<div style=\"border: 4.5pt double windowtext; padding: 1pt 4pt;\">\n<p style=\"padding: 0in;\"><span style=\"font-size: 12pt; font-family: 'Arial',sans-serif;\">Discurso de Sua Exc\u00ealenc ia Filipe Jacinto Nyusi, Presidente da Rep\u00fablica por ocasi\u00e3o do 20\u00ba Anivers\u00e1rio do Millenium BIM.<\/span><\/p>\n<p style=\"text-align: right; padding: 0in;\" align=\"right\"><span style=\"font-size: 12pt; font-family: 'Arial',sans-serif;\">Maputo, 29 Outubro de 201<\/span><\/p>\n<\/div>\n<\/div>\n<p><span style=\"font-size: 12pt; font-family: 'Arial',sans-serif;\"><\/span><\/p>\n<p><!--more--><\/p>\n<p><span style=\"font-size: 12pt; font-family: 'Arial',sans-serif;\"><br style=\"page-break-before: always;\" clear=\"all\" \/> <\/span><\/p>\n<p style=\"line-height: 150%;\"><span style=\"font-size: 14pt; line-height: 150%; font-family: 'Trebuchet MS',sans-serif;\">Senhor Engenheiro Rui Fonseca, Presidente do Conselho de Administra\u00e7\u00e3o do Millenium BIM;<\/span><\/p>\n<p style=\"line-height: 150%;\"><span style=\"font-size: 14pt; line-height: 150%; font-family: 'Trebuchet MS',sans-serif;\">Senhor Ant\u00f3nio Monteiro, Presidente do Conselho de Administra\u00e7\u00e3o do Millennium BCP;<\/span><\/p>\n<p style=\"line-height: 150%;\"><span style=\"font-size: 14pt; line-height: 150%; font-family: 'Trebuchet MS',sans-serif;\">Senhores Ministros e Vice-Ministros;<\/span><\/p>\n<p style=\"line-height: 150%;\"><span style=\"font-size: 14pt; line-height: 150%; font-family: 'Trebuchet MS',sans-serif;\">Senhor Joaquim Chissano, Antigo Presidente da Rep\u00fablica de Mo\u00e7ambique;<\/span><\/p>\n<p style=\"line-height: 150%;\"><span style=\"font-size: 14pt; line-height: 150%; font-family: 'Trebuchet MS',sans-serif;\">Senhores Representantes dos Accionistas do Millenium BIM; <\/span><\/p>\n<p style=\"line-height: 150%;\"><span style=\"font-size: 14pt; line-height: 150%; font-family: 'Trebuchet MS',sans-serif;\">Senhores Administradores e Directores do Conselho de Administra\u00e7\u00e3o do Millenium Bim;<\/span><\/p>\n<p style=\"line-height: 150%;\"><span style=\"font-size: 14pt; line-height: 150%; font-family: 'Trebuchet MS',sans-serif;\">Senhora Governadora da Cidade de Maputo;<\/span><\/p>\n<p style=\"line-height: 150%;\"><span style=\"font-size: 14pt; line-height: 150%; font-family: 'Trebuchet MS',sans-serif;\">Senhor Presidente do Conselho Municipal da Cidade de Maputo; <\/span><\/p>\n<p style=\"line-height: 150%;\"><span style=\"font-size: 14pt; line-height: 150%; font-family: 'Trebuchet MS',sans-serif;\">Senhores Membros do Corpo Diplom\u00e1tico;<\/span><\/p>\n<p style=\"line-height: 150%;\"><span style=\"font-size: 14pt; line-height: 150%; font-family: 'Trebuchet MS',sans-serif;\">Estimados funcion\u00e1rios do Millenium Bim; <\/span><\/p>\n<p style=\"line-height: 150%;\"><span style=\"font-size: 14pt; line-height: 150%; font-family: 'Trebuchet MS',sans-serif;\">Caros clientes do Millennium Bim;<\/span><\/p>\n<p style=\"line-height: 150%;\"><span style=\"font-size: 14pt; line-height: 150%; font-family: 'Trebuchet MS',sans-serif;\">Distintos Convidados;<\/span><\/p>\n<p style=\"line-height: 150%;\"><span style=\"font-size: 14pt; line-height: 150%; font-family: 'Trebuchet MS',sans-serif;\">Minhas Senhoras e Meus Senhores!<\/span><\/p>\n<p style=\"text-align: justify; line-height: 150%;\"><span style=\"font-size: 14pt; line-height: 150%; font-family: 'Trebuchet MS',sans-serif;\">Honra-nos presenciar este evento inserido nas celebra\u00e7\u00f5es do vig\u00e9simo anivers\u00e1rio da presen\u00e7a do Millennium BIM no mercado mo\u00e7ambicano. <\/span><\/p>\n<p style=\"text-align: justify; line-height: 150%;\"><span style=\"font-size: 14pt; line-height: 150%; font-family: 'Trebuchet MS',sans-serif;\">Por outras palavras dizer, metade da idade da Na\u00e7\u00e3o Mo\u00e7ambicana o Millenium Bim foi o parceiro real do desenvolvimento de Mo\u00e7ambique.<\/span><\/p>\n<p style=\"text-align: justify; line-height: 150%;\"><span style=\"font-size: 14pt; line-height: 150%; font-family: 'Trebuchet MS',sans-serif;\">Por esta ocasi\u00e3o, apresentamos as nossas felicita\u00e7\u00f5es aos Membros do Conselho de Administra\u00e7\u00e3o, os Directores e, aos cerca de 2,500 colaboradores que esta institui\u00e7\u00e3o possui em todo territ\u00f3rio nacional.<\/span><\/p>\n<p style=\"margin-bottom: 12pt; text-align: justify; line-height: 150%;\"><span style=\"font-size: 14pt; line-height: 150%; font-family: 'Trebuchet MS',sans-serif;\">Saudamos igualmente os representantes de todas as institui\u00e7\u00f5es aqui presentes, em especial as que integram o sistema banc\u00e1rio mo\u00e7ambicano.<\/span><\/p>\n<p style=\"margin-bottom: 12pt; text-align: justify; line-height: 150%;\"><span style=\"font-size: 14pt; line-height: 150%; font-family: 'Trebuchet MS',sans-serif;\">Pelos 20 anos do Millennium Bim, saudamos tamb\u00e9m o nosso Banco Central, pelo seu papel na implementa\u00e7\u00e3o da estrat\u00e9gia nacional de desenvolvimento do sector financeiro.<\/span><\/p>\n<p style=\"margin-bottom: 12pt; text-align: justify; line-height: 150%;\"><span style=\"font-size: 14pt; line-height: 150%; font-family: 'Trebuchet MS',sans-serif;\">Mesmo perante in\u00fameras adversidades que a conjuntura nacional e internacional apresenta, apraz-nos constatar que o sistema financeiro mo\u00e7ambicano mant\u00e9m-se s\u00f3lido.<\/span><\/p>\n<p style=\"margin-bottom: 12pt; text-align: justify; line-height: 150%;\"><span style=\"font-size: 14pt; line-height: 150%; font-family: 'Trebuchet MS',sans-serif;\">Um sistema financeiro que continua a atrair capitais nacionais e de diferentes partes do mundo.<strong> UM sistema finceiro que continua a prometer.<\/strong><\/span><\/p>\n<p style=\"margin-bottom: 12pt; text-align: justify; line-height: 150%;\"><span style=\"font-size: 14pt; line-height: 150%; font-family: 'Trebuchet MS',sans-serif;\">Quando reunimos com os representantes dos professores, dissemos que ir\u00edamos encorajar uma reflex\u00e3o conjunta sobre a situa\u00e7\u00e3o econ\u00f3mica do pa\u00eds e actos de transpar\u00eancia na distribui\u00e7\u00e3o de rendas.<\/span><\/p>\n<p style=\"margin-bottom: 12pt; text-align: justify; line-height: 150%;\"><strong><span style=\"font-size: 14pt; line-height: 150%; font-family: 'Trebuchet MS',sans-serif;\">Caros Convidados;<\/span><\/strong><\/p>\n<p style=\"margin-bottom: 12pt; text-align: justify; line-height: 150%;\"><strong><span style=\"font-size: 14pt; line-height: 150%; font-family: 'Trebuchet MS',sans-serif;\">Minhas senhoras e meus senhores!<\/span><\/strong><\/p>\n<p style=\"margin-bottom: 12pt; text-align: justify; line-height: 150%;\"><span style=\"font-size: 14pt; line-height: 150%; font-family: 'Trebuchet MS',sans-serif;\">Permitam-nos que usemos este espa\u00e7o para iniciarmos com este processo partindo duma avalia\u00e7\u00e3o do nosso sistema financeiro.<\/span><\/p>\n<p style=\"margin-bottom: 12pt; text-align: justify; line-height: 150%;\"><span style=\"font-size: 14pt; line-height: 150%; font-family: 'Trebuchet MS',sans-serif;\">Nos \u00faltimos dez anos testemunhamos o aumento e diversifica\u00e7\u00e3o de institui\u00e7\u00f5es financeiras que operam no mercado mo\u00e7ambicano.<\/span><\/p>\n<p style=\"margin-bottom: 12pt; text-align: justify; line-height: 150%;\"><span style=\"font-size: 14pt; line-height: 150%; font-family: 'Trebuchet MS',sans-serif;\">O n\u00famero de bancos passou de 12 para 18.<\/span><\/p>\n<p style=\"margin-bottom: 12pt; text-align: justify; line-height: 150%;\"><span style=\"font-size: 14pt; line-height: 150%; font-family: 'Trebuchet MS',sans-serif;\">Real\u00e7amos a sua implanta\u00e7\u00e3o f\u00edsica atrav\u00e9s de 633 balc\u00f5es em 70 distritos do Pa\u00eds.<\/span><\/p>\n<p style=\"margin-bottom: 12pt; text-align: justify; line-height: 150%;\"><span style=\"font-size: 14pt; line-height: 150%; font-family: 'Trebuchet MS',sans-serif;\">Neste crescimento o adolescente banco que hoje celebramos suas duas d\u00eacadas foi determinante.<\/span><\/p>\n<p style=\"margin-bottom: 12pt; text-align: justify; line-height: 150%;\"><span style=\"font-size: 14pt; line-height: 150%; font-family: 'Trebuchet MS',sans-serif;\">\u00c9 o banco pioneiro que acreditou na economia Mo\u00e7ambicana, e teve coragem para desafiar o sector p\u00fablico que nunca esteve desafiado aos servi\u00e7os banc\u00e1rios privados.<\/span><\/p>\n<p style=\"margin-bottom: 12pt; text-align: justify; line-height: 150%;\"><span style=\"font-size: 14pt; line-height: 150%; font-family: 'Trebuchet MS',sans-serif;\">Da banca privada esperamos sempre mais e melhor oferta de servi\u00e7os e produtos. Esperamos a custos competitivos nas diversas parcerias que este sector promove com o sector privado, com o sector familiar e com a administra\u00e7\u00e3o p\u00fablica.<\/span><\/p>\n<p style=\"margin-bottom: 12pt; text-align: justify; line-height: 150%;\"><span style=\"font-size: 14pt; line-height: 150%; font-family: 'Trebuchet MS',sans-serif;\">Os riscos presentes na conjuntura econ\u00f3mica e financeira internacional tornam aliciantes os desafios que temos pela frente. <\/span><\/p>\n<p style=\"margin-bottom: 12pt; text-align: justify; line-height: 150%;\"><span style=\"font-size: 14pt; line-height: 150%; font-family: 'Trebuchet MS',sans-serif;\">S\u00f3 juntos e concertados, institui\u00e7\u00f5es do Governo, institui\u00e7\u00f5es financeiras, sector privado e a sociedade em geral, podem buscar solu\u00e7\u00f5es e pol\u00edticas p\u00fablicas mais ajustadas \u00e0 presente fase do nosso desenvolvimento econ\u00f3mico e social. <\/span><\/p>\n<p style=\"text-align: justify; line-height: 150%;\"><strong><span style=\"font-size: 14pt; line-height: 150%; font-family: 'Trebuchet MS',sans-serif;\">Minhas Senhoras e Meus Senhores!<\/span><\/strong><\/p>\n<p style=\"text-align: justify; line-height: 150%;\"><span style=\"font-size: 14pt; line-height: 150%; font-family: 'Trebuchet MS',sans-serif;\">O sistema financeiro \u00e9 vital para qualquer economia. \u00c9 um factor propulsor para o investimento e desenvolvimento. Mo\u00e7ambique n\u00e3o \u00e9, portanto, excep\u00e7\u00e3o.<\/span><\/p>\n<p style=\"text-align: justify; line-height: 150%;\"><span style=\"font-size: 14pt; line-height: 150%; font-family: 'Trebuchet MS',sans-serif;\">Na verdade, \u00e9 no sistema financeiro que os Mo\u00e7ambicanos depositam grande parte das suas poupan\u00e7as. <\/span><\/p>\n<p style=\"text-align: justify; line-height: 150%;\"><span style=\"font-size: 14pt; line-height: 150%; font-family: 'Trebuchet MS',sans-serif;\">\u00c9 onde as empresas v\u00e3o buscar o capital circulante de que necessitam para manter os n\u00edveis de produ\u00e7\u00e3o. <\/span><\/p>\n<p style=\"text-align: justify; line-height: 150%;\"><span style=\"font-size: 14pt; line-height: 150%; font-family: 'Trebuchet MS',sans-serif;\">\u00c9 onde financiam a expans\u00e3o dos neg\u00f3cios atrav\u00e9s de novos investimentos.<\/span><\/p>\n<p style=\"text-align: justify; line-height: 150%;\"><span style=\"font-size: 14pt; line-height: 150%; font-family: 'Trebuchet MS',sans-serif;\">Uma economia sem um sistema financeiro inclusivo e abrangente fica sem oxig\u00e9nio. Perde assim a sua vigorosidade e capacidade transformativa. <\/span><\/p>\n<p style=\"text-align: justify; line-height: 150%;\"><span style=\"font-size: 14pt; line-height: 150%; font-family: 'Trebuchet MS',sans-serif;\">Para o governo \u00e9 prioridade, a promo\u00e7\u00e3o de um sistema financeiro capitalizado e robusto com capacidade de acompanhar as necessidades crescentes da nossa economia em particular no meio rural. <\/span><\/p>\n<p style=\"text-align: justify; line-height: 150%;\"><span style=\"font-size: 14pt; line-height: 150%; font-family: 'Trebuchet MS',sans-serif;\">S\u00f3 com a expans\u00e3o e moderniza\u00e7\u00e3o da rede bancaria poderemos conferir uma plataforma de servi\u00e7os e transa\u00e7\u00f5es comercias para revolu\u00e7\u00e3o econ\u00f3mica que pretendemos.<\/span><\/p>\n<p style=\"text-align: justify; line-height: 150%;\"><strong><span style=\"font-size: 14pt; line-height: 150%; font-family: 'Trebuchet MS',sans-serif;\">Minhas Senhoras e Meus Senhores!<\/span><\/strong><\/p>\n<p style=\"text-align: justify; line-height: 150%;\"><span style=\"font-size: 14pt; line-height: 150%; font-family: 'Trebuchet MS',sans-serif;\">Apraz-nos reconhecer que o Millennium BIM tem respondido positivamente aos apelos lan\u00e7ados pelo Governo. O Millennium Bim mant\u00e9m hoje uma presen\u00e7a em todas as capitais provinciais e em 57 Distritos do Pa\u00eds. <\/span><\/p>\n<p style=\"text-align: justify; line-height: 150%;\"><span style=\"font-size: 14pt; line-height: 150%; font-family: 'Trebuchet MS',sans-serif;\">O Millennium Bim est\u00e1 a dar uma contribui\u00e7\u00e3o significativa para a inclus\u00e3o financeira, cuja taxa actual \u00e9 de 14,2% e para a eleva\u00e7\u00e3o da taxa de bancariza\u00e7\u00e3o, a rondar os 27%.<\/span><\/p>\n<p style=\"text-align: justify; line-height: 150%;\"><span style=\"font-size: 14pt; line-height: 150%; font-family: 'Trebuchet MS',sans-serif;\">A aposta numa abordagem de permanente inova\u00e7\u00e3o, moderniza\u00e7\u00e3o e expans\u00e3o, fez com que o Millennium BIM <\/span><span style=\"font-size: 14pt; line-height: 150%; font-family: 'Trebuchet MS',sans-serif;\">figurasse na lista dos 100 maiores bancos de \u00c1frica, <\/span><span style=\"font-size: 14pt; line-height: 150%; font-family: 'Trebuchet MS',sans-serif;\">facto que muito nos orgulha e engrandece.<\/span><\/p>\n<p style=\"margin-bottom: 12pt; text-align: justify; line-height: 150%;\"><span style=\"font-size: 14pt; line-height: 150%; font-family: 'Trebuchet MS',sans-serif;\">Entre os registos positivos do crescimento do sector financeiro, perfilam-se os desafios do presente e do futuro. Nesses desafios contamos igualmente com o sempre exemplar desempenho do Millennium BIM .<\/span><\/p>\n<p style=\"text-align: justify; line-height: 150%;\"><span style=\"font-size: 14pt; line-height: 150%; font-family: 'Trebuchet MS',sans-serif;\">Queremos convidar a este corajoso banco o Millennium Bim na companhia de outros que dia- a- dia d\u00e3o a sua contribui\u00e7\u00e3o para o crescimento econ\u00f3mico de Mo\u00e7ambique a reflectir sobre os seguintes aspectos:<\/span><\/p>\n<p style=\"text-align: justify; line-height: 150%;\"><span style=\"font-size: 14pt; line-height: 150%; font-family: 'Trebuchet MS',sans-serif;\">(i) Que solu\u00e7\u00f5es inovativas adoptar de modo que os bancos possam financiar mais as actividades como a agricultura, pescas, agro-ind\u00fastria, minera\u00e7\u00e3o e turismo de baixa e m\u00e9dia renda;<\/span><\/p>\n<p style=\"text-align: justify; line-height: 150%;\"><span style=\"font-size: 14pt; line-height: 150%; font-family: 'Trebuchet MS',sans-serif;\">(ii) Como \u00e9 que as institui\u00e7\u00f5es financeiras podem contribuir ainda mais para acelerar o processo de formaliza\u00e7\u00e3o da economia;<\/span><\/p>\n<p style=\"text-align: justify; line-height: 150%;\"><span style=\"font-size: 14pt; line-height: 150%; font-family: 'Trebuchet MS',sans-serif;\">(iii) Que ac\u00e7\u00f5es estrat\u00e9gicas devem ser adoptadas para o apoio as Pequenas e M\u00e9dias Empresas;<\/span><\/p>\n<p style=\"text-align: justify; line-height: 150%;\"><span style=\"font-size: 14pt; line-height: 150%; font-family: 'Trebuchet MS',sans-serif;\">(iv) Qual o contributo que os bancos podem dar na educa\u00e7\u00e3o financeira e para a promo\u00e7\u00e3o de h\u00e1bitos permanentes de poupan\u00e7a e o seu investimento produtivo;<\/span><\/p>\n<p style=\"text-align: justify; line-height: 150%;\"><span style=\"font-size: 14pt; line-height: 150%; font-family: 'Trebuchet MS',sans-serif;\">(v) De que forma os bancos podem intervir n\u00e3o apenas na expans\u00e3o da oferta de servi\u00e7os financeiros, mas igualmente na melhoria da qualidade da procura dos servi\u00e7os financeiros;<\/span><\/p>\n<p style=\"text-align: justify; line-height: 150%;\"><span style=\"font-size: 14pt; line-height: 150%; font-family: 'Trebuchet MS',sans-serif;\">(vi) Como ter produtos financeiros que permitam financiar, a custos comport\u00e1veis, a habita\u00e7\u00e3o para os clientes de m\u00e9dia renda.<\/span><\/p>\n<p style=\"margin-bottom: 12pt; text-align: justify; line-height: 150%;\"><strong><span style=\"font-size: 14pt; line-height: 150%; font-family: 'Trebuchet MS',sans-serif;\">Caros Convidados!<\/span><\/strong><\/p>\n<p style=\"margin-bottom: 12pt; text-align: justify; line-height: 150%;\"><span style=\"font-size: 14pt; line-height: 150%; font-family: 'Trebuchet MS',sans-serif;\">O nosso sistema financeiro, tem<strong> desafios econ\u00f3micos e sociais. <\/strong><\/span><\/p>\n<p style=\"margin-bottom: 12pt; text-align: justify; line-height: 150%;\"><span style=\"font-size: 14pt; line-height: 150%; font-family: 'Trebuchet MS',sans-serif;\">No lan\u00e7amento do novo ciclo de governa\u00e7\u00e3o desafiamo-nos a encorajar o sector financeiro para que todos distritos tivessem banco. Reafirmo este nosso desafio da acelera\u00e7\u00e3o da bancariza\u00e7\u00e3o rural de Mo\u00e7ambique a todos bancos do sistema financeiro.<\/span><\/p>\n<p style=\"margin-bottom: 12pt; text-align: justify; line-height: 150%;\"><span style=\"font-size: 14pt; line-height: 150%; font-family: 'Trebuchet MS',sans-serif;\">A constru\u00e7\u00e3o de um pa\u00eds prospero n\u00e3o se compadece com o professor, o enfermeiro ou qualquer outro cidad\u00e3o que ainda viaja duzentos quil\u00f3metros para ter a sua renumera\u00e7\u00e3o, o seu sal\u00e1rio, ou recolher a sua ainda magra pens\u00e3o. <\/span><\/p>\n<p style=\"margin-bottom: 12pt; text-align: justify; line-height: 150%;\"><span style=\"font-size: 14pt; line-height: 150%; font-family: 'Trebuchet MS',sans-serif;\">Este acto \u00e9 uma das formas de exclus\u00e3o.<\/span><\/p>\n<p style=\"margin-bottom: 12pt; text-align: justify; line-height: 150%;\"><span style=\"font-size: 14pt; line-height: 150%; font-family: 'Trebuchet MS',sans-serif;\">A exclus\u00e3o aos servi\u00e7os financeiros da mulher, o jovem que hoje representam mais de cinquenta porcento da popula\u00e7\u00e3o Mo\u00e7ambicana, n\u00e3o s\u00f3 constitui uma viola\u00e7\u00e3o dos direitos humanos como tamb\u00e9m, limita o nosso potencial de crescimento econ\u00f3mico do Pais.<\/span><\/p>\n<p style=\"margin-bottom: 12pt; text-align: justify; line-height: 150%;\"><span style=\"font-size: 14pt; line-height: 150%; font-family: 'Trebuchet MS',sans-serif;\">Sobre o lema <strong>UM DISTRITO UM BANCO<\/strong> deixo o repto ao Millenium e a todo sistema financeiro da Bancariza\u00e7\u00e3o de Mo\u00e7ambique.<\/span><\/p>\n<p style=\"margin-bottom: 12pt; text-align: justify; line-height: 150%;\"><strong><span style=\"font-size: 14pt; line-height: 150%; font-family: 'Trebuchet MS',sans-serif;\">Caros Convidados;<\/span><\/strong><\/p>\n<p style=\"margin-bottom: 12pt; text-align: justify; line-height: 150%;\"><strong><span style=\"font-size: 14pt; line-height: 150%; font-family: 'Trebuchet MS',sans-serif;\">Minhas Senhoras e Meus Senhores!<\/span><\/strong><\/p>\n<p style=\"margin-bottom: 12pt; text-align: justify; line-height: 150%;\"><span style=\"font-size: 14pt; line-height: 150%; font-family: 'Trebuchet MS',sans-serif;\">Permitam me que igualmente use esta ocasi\u00e3o proporcionada pelo Millennium Bim para uma reflex\u00e3o sobre um tema da actualidade \u201c<strong>O Metical e os Desafios do Futuro\u201d.<\/strong> <\/span><\/p>\n<p style=\"margin-bottom: 12pt; text-align: justify; line-height: 150%;\"><span style=\"font-size: 14pt; line-height: 150%; font-family: 'Trebuchet MS',sans-serif;\">Portanto, como v\u00eaem, n\u00e3o vamos fazer o habitual discurso duma abordagem geral, preferimos partilhar a nossa vis\u00e3o ponderada sobre a nossa moeda, <strong>o metical<\/strong>, que este ano completou 35 anos. <\/span><\/p>\n<p style=\"margin-bottom: 12pt; text-align: justify; line-height: 150%;\"><span style=\"font-size: 14pt; line-height: 150%; font-family: 'Trebuchet MS',sans-serif;\">Uma reflex\u00e3o que acreditamos que ser\u00e1 desenvolvida e enriquecida pela analise critica da sociedade.<\/span><\/p>\n<p style=\"text-align: justify; line-height: 150%;\"><span style=\"font-size: 14pt; line-height: 150%; font-family: 'Trebuchet MS',sans-serif;\">O Metical \u00e9 s\u00edmbolo da nossa soberania, da nossa independ\u00eancia.<\/span><\/p>\n<p style=\"text-align: justify; line-height: 150%;\"><span style=\"font-size: 14pt; line-height: 150%; font-family: 'Trebuchet MS',sans-serif;\">Dai que a sua preserva\u00e7\u00e3o tem em vista assegurar que ela cumpra todas as fun\u00e7\u00f5es que lhe est\u00e3o reservadas: <strong>unidade de conta, meio de pagamento e reserva de valor.<\/strong><\/span><\/p>\n<p style=\"text-align: justify; line-height: 150%;\"><span style=\"font-size: 14pt; line-height: 150%; font-family: 'Trebuchet MS',sans-serif;\">Ao longo da nossa hist\u00f3ria o Metical tem registado per\u00edodos de robustez e de turbul\u00eancia. Estes fen\u00f3menos est\u00e3o associados \u00e0 condi\u00e7\u00f5es espec\u00edficas da conjuntura dom\u00e9stica e internacional.<\/span><\/p>\n<p style=\"text-align: justify; line-height: 150%;\"><span style=\"font-size: 14pt; line-height: 150%; font-family: 'Trebuchet MS',sans-serif;\">Por exemplo, no presente ano o Metical acumula uma flutua\u00e7\u00e3o acentuada, de aproximadamente 27,5% entre Dezembro de 2014 e a primeira quinzena de Outubro de 2015.<\/span><\/p>\n<p style=\"text-align: justify; line-height: 150%;\"><span style=\"font-size: 14pt; line-height: 150%; font-family: 'Trebuchet MS',sans-serif;\">O D\u00f3lar atingiu a fasquia de 45,0 Meticais segundo estat\u00edsticas das transa\u00e7\u00f5es efectuadas pelos bancos comerciais com a sua clientela. <\/span><\/p>\n<p style=\"text-align: justify; line-height: 150%;\"><span style=\"font-size: 14pt; line-height: 150%; font-family: 'Trebuchet MS',sans-serif;\">O Metical n\u00e3o \u00e9 caso \u00fanico, embora a sua traject\u00f3ria ao longo dos anos nos orgulhe.<\/span><\/p>\n<p style=\"text-align: justify; line-height: 150%;\"><span style=\"font-size: 14pt; line-height: 150%; font-family: 'Trebuchet MS',sans-serif;\">S\u00f3 para citar alguns exemplos, o Euro perdeu 12% do seu valor at\u00e9 Setembro de 2015 face ao D\u00f3lar americano. <\/span><\/p>\n<p style=\"text-align: justify; line-height: 150%;\"><span style=\"font-size: 14pt; line-height: 150%; font-family: 'Trebuchet MS',sans-serif;\">O Yen Japon\u00eas perdeu 10% do seu valor, o Rublo da R\u00fassia perdeu 52% do seu valor, o Real do Brasil 54%. <\/span><\/p>\n<p style=\"text-align: justify; line-height: 150%;\"><span style=\"font-size: 14pt; line-height: 150%; font-family: 'Trebuchet MS',sans-serif;\">Ao n\u00edvel das economias da regi\u00e3o da SADC, o Kwacha Zambiano perdeu 86,5% do seu valor, o Kwacha Malawiano 20,6%, o Kwanza Angolano 36,8%, o Shilling Tanzaniano 28,3% e o Rand Sul-Africano 19,1%.<\/span><\/p>\n<p style=\"text-align: justify; line-height: 150%;\"><span style=\"font-size: 14pt; line-height: 150%; font-family: 'Trebuchet MS',sans-serif;\">E n\u00f3s, Mo\u00e7ambique o metical perdeu 33,9% do seu valor. Portanto a baixo do que perdeu a moeda da R\u00fassia, do Brasil de Z\u00e2mbia, de Angola e outras, embora n\u00e3o seja motivo de pouca preocupa\u00e7\u00e3o.<\/span><\/p>\n<p style=\"text-align: justify; line-height: 150%;\"><span style=\"font-size: 14pt; line-height: 150%; font-family: 'Trebuchet MS',sans-serif;\">Nesta correla\u00e7\u00e3o de for\u00e7as, o fortalecimento do d\u00f3lar reflecte o desempenho e a recupera\u00e7\u00e3o da economia dos Estados Unidos da Am\u00e9rica dos efeitos da crise financeira econ\u00f3mica internacional de 2008.<\/span><\/p>\n<p style=\"text-align: justify; line-height: 150%;\"><span style=\"font-size: 14pt; line-height: 150%; font-family: 'Trebuchet MS',sans-serif;\">Ainda que o fortalecimento do D\u00f3lar americano seja um factor a tomar em conta, a volatilidade que afecta o Metical tem outras causas.<\/span><\/p>\n<p style=\"text-align: justify; line-height: 150%;\"><span style=\"font-size: 14pt; line-height: 150%; font-family: 'Trebuchet MS',sans-serif;\">N\u00e3o podemos responsabilizar o d\u00f3lar porque este, est\u00e1 a visualizar o respectivo produto do seu pa\u00eds. \u00c9 a obriga\u00e7\u00e3o da sua economia, devemo-nos preocupar com a nossa.<\/span><\/p>\n<p style=\"text-align: justify; line-height: 150%;\"><span style=\"font-size: 14pt; line-height: 150%; font-family: 'Trebuchet MS',sans-serif;\">No mercado internacional, o fortalecimento do D\u00f3lar tem sido acompanhado pela queda dos pre\u00e7os das mat\u00e9rias primas. <\/span><\/p>\n<p style=\"text-align: justify; line-height: 150%;\"><span style=\"font-size: 14pt; line-height: 150%; font-family: 'Trebuchet MS',sans-serif;\">Mo\u00e7ambique exporta basicamente energia, g\u00e1s e mat\u00e9rias primas como alum\u00ednio, algod\u00e3o e a\u00e7\u00facar. <\/span><\/p>\n<p style=\"text-align: justify; line-height: 150%;\"><span style=\"font-size: 14pt; line-height: 150%; font-family: 'Trebuchet MS',sans-serif;\">Numa conjuntura adversa de queda dos pre\u00e7os internacionais, as receitas das exporta\u00e7\u00f5es mo\u00e7ambicanas s\u00e3o penalizadas.<\/span><\/p>\n<p style=\"text-align: justify; line-height: 150%;\"><span style=\"font-size: 14pt; line-height: 150%; font-family: 'Trebuchet MS',sans-serif;\">Ademais, \u00e9 preciso ter presente que nos \u00faltimos anos, o Pa\u00eds tem sido afectado no in\u00edcio de cada ano por cheias que destroem culturas alimentares, infraestruturas sociais e econ\u00f3micas. <\/span><\/p>\n<p style=\"text-align: justify; line-height: 150%;\"><span style=\"font-size: 14pt; line-height: 150%; font-family: 'Trebuchet MS',sans-serif;\">Esta situa\u00e7\u00e3o agrava o cen\u00e1rio estrutural de baixa produ\u00e7\u00e3o e produtividade agr\u00edcola e pressiona as importa\u00e7\u00f5es de bens de consumo e de capital. <\/span><\/p>\n<p style=\"text-align: justify; line-height: 150%;\"><span style=\"font-size: 14pt; line-height: 150%; font-family: 'Trebuchet MS',sans-serif;\">\u00c9 um problema que nos remete ao esfor\u00e7o para a gest\u00e3o da natureza que em 40 anos ainda n\u00e3o fizemos muito.<\/span><\/p>\n<p style=\"text-align: justify; line-height: 150%;\"><span style=\"font-size: 14pt; line-height: 150%; font-family: 'Trebuchet MS',sans-serif;\">Por exemplo, no primeiro semestre do presente ano, as importa\u00e7\u00f5es tradicionais subiram cerca de 17%, contra um aumento de apenas 0,5% nas exporta\u00e7\u00f5es tradicionais.<\/span><\/p>\n<p style=\"text-align: justify; line-height: 150%;\"><span style=\"font-size: 14pt; line-height: 150%; font-family: 'Trebuchet MS',sans-serif;\">O efeito combinado destes dois factores ,agravou o d\u00e9fice da nossa balan\u00e7a de transa\u00e7\u00f5es correntes, que j\u00e1 era estruturalmente deficit\u00e1ria.<\/span><\/p>\n<p style=\"text-align: justify; line-height: 150%;\"><span style=\"font-size: 14pt; line-height: 150%; font-family: 'Trebuchet MS',sans-serif;\">Em cada ano o Pa\u00eds regista maior sa\u00edda de divisas do que de entradas, actoque tem sido superado com recurso \u00e0 ajuda externa.<\/span><\/p>\n<p style=\"text-align: justify; line-height: 150%;\"><span style=\"font-size: 14pt; line-height: 150%; font-family: 'Trebuchet MS',sans-serif;\">Significa que estamos a consumir mais do que produzimos.<\/span><\/p>\n<p style=\"text-align: justify; line-height: 150%;\"><span style=\"font-size: 14pt; line-height: 150%; font-family: 'Trebuchet MS',sans-serif;\">Observamos assim uma menor disponibilidade de divisas no mercado cambial, contribuindo deste modo para uma maior volatilidade da taxa de c\u00e2mbio do Metical.<\/span><\/p>\n<p style=\"text-align: justify; line-height: 150%;\"><span style=\"font-size: 14pt; line-height: 150%; font-family: 'Trebuchet MS',sans-serif;\">Esta situa\u00e7\u00e3o tem sido igualmente agravada pelo encarecimento desonesto de alguns operadores financeiros no que refere ao mercado cambial.<\/span><\/p>\n<p style=\"text-align: justify; line-height: 150%;\"><span style=\"font-size: 14pt; line-height: 150%; font-family: 'Trebuchet MS',sans-serif;\">Em 2014, portanto, no ano passado, o pa\u00eds recebeu 314 milh\u00f5es de D\u00f3lares, para al\u00e9m de ter adicionado receitas de mais-valias recebidas em divisas, contra 205 milh\u00f5es nos primeiros nove meses deste ano de 2015 sem mais-valias. <\/span><\/p>\n<p style=\"text-align: justify; line-height: 150%;\"><span style=\"font-size: 14pt; line-height: 150%; font-family: 'Trebuchet MS',sans-serif;\">Este ano verifica-se que a capacidade financeira foi associado \u00e0 queda do Investimento Directo Estrangeiro. \u00c9 uma realidade pelas raz\u00f5es que temos vindo a partilhar com frontalidade.<\/span><\/p>\n<p style=\"text-align: justify; line-height: 150%;\"><span style=\"font-size: 14pt; line-height: 150%; font-family: 'Trebuchet MS',sans-serif;\">Neste contexto, os bancos comerciais acabam competindo pelos ex\u00edguos recursos do Estado. Num contexto em que as responsabilidades para com a d\u00edvida externa aumentaram em 2015 quando comparado com 2014. <\/span><\/p>\n<p style=\"text-align: justify; line-height: 150%;\"><span style=\"font-size: 14pt; line-height: 150%; font-family: 'Trebuchet MS',sans-serif;\">A divida \u00e9 de 251 milh\u00f5es de D\u00f3lares nos primeiros nove meses, contra 135 milh\u00f5es em igual per\u00edodo de 2014.<\/span><\/p>\n<p style=\"text-align: justify; line-height: 150%;\"><span style=\"font-size: 14pt; line-height: 150%; font-family: 'Trebuchet MS',sans-serif;\">Fica clara uma maior exposi\u00e7\u00e3o do Metical \u00e0s intemp\u00e9ries de uma conjuntura adversa.<\/span><\/p>\n<p style=\"text-align: justify; line-height: 150%;\"><span style=\"font-size: 14pt; line-height: 150%; font-family: 'Trebuchet MS',sans-serif;\">Este gr\u00e1fico que agora vivemos n\u00e3o foi influenciado por uma jornada de trabalho. Ela resulta duma realidade cumulativa que nos remete a mais concentra\u00e7\u00e3o no programa de produ\u00e7\u00e3o intensiva.<\/span><\/p>\n<p style=\"text-align: justify; line-height: 150%;\"><span style=\"font-size: 14pt; line-height: 150%; font-family: 'Trebuchet MS',sans-serif;\">Igualmente n\u00e3o temos remorso de dizer que estamos a principiar um novo ciclo de governa\u00e7\u00e3o com a menor disponibilidade de divisas que decorre tamb\u00e9m da redu\u00e7\u00e3o dos n\u00edveis de ajuda externa ao nosso Pa\u00eds. <\/span><\/p>\n<p style=\"text-align: justify; line-height: 150%;\"><span style=\"font-size: 14pt; line-height: 150%; font-family: 'Trebuchet MS',sans-serif;\">Esta realidade n\u00e3o deve nos colocar na situa\u00e7\u00e3o de desespero. <\/span><\/p>\n<p style=\"text-align: justify; line-height: 150%;\"><span style=\"font-size: 14pt; line-height: 150%; font-family: 'Trebuchet MS',sans-serif;\">Esta situa\u00e7\u00e3o deve nos desafiar como dirigentes, como pa\u00eds, como sistema financeiro dum pa\u00eds independente, para elevar os indicadores para um desenvolvimento econ\u00f3mico sustent\u00e1vel. <\/span><\/p>\n<p style=\"text-align: justify; line-height: 150%;\"><span style=\"font-size: 14pt; line-height: 150%; font-family: 'Trebuchet MS',sans-serif;\">N\u00e3o obstante o elevado n\u00edvel de enfraquecimento do metical em rela\u00e7\u00e3o ao D\u00f3lar, o desempenho da economia nacional, avaliado pela evolu\u00e7\u00e3o recente dos principais indicadores macroecon\u00f3micos, continua satisfat\u00f3rio. <\/span><\/p>\n<p style=\"text-align: justify; line-height: 150%;\"><span style=\"font-size: 14pt; line-height: 150%; font-family: 'Trebuchet MS',sans-serif;\">Com efeito, a infla\u00e7\u00e3o continua baixa e controlada (em Setembro a infla\u00e7\u00e3o anual foi de 2,7%, contra o objectivo do ano de 5.5%, e a m\u00e9dia foi de 0,8%, contra a meta de 4%); o Produto Interno Bruto do I semestre foi de 6,3%, embora abaixo dos n\u00edveis de 2014, mas dentro da traject\u00f3ria consistente com o objectivo tra\u00e7ado para todo o ano de 2015 de 7,5%.<\/span><\/p>\n<p style=\"text-align: justify; line-height: 150%;\"><strong><span style=\"font-size: 14pt; line-height: 150%; font-family: 'Trebuchet MS',sans-serif;\">Caros Convidados!<\/span><\/strong><\/p>\n<p style=\"text-align: justify; line-height: 150%;\"><span style=\"font-size: 14pt; line-height: 150%; font-family: 'Trebuchet MS',sans-serif;\">Temos como Governo, como um pa\u00eds a obriga\u00e7\u00e3o de encontrar solu\u00e7\u00f5es.<\/span><\/p>\n<p style=\"text-align: justify; line-height: 150%;\"><span style=\"font-size: 14pt; line-height: 150%; font-family: 'Trebuchet MS',sans-serif;\">Temos a obriga\u00e7\u00e3o de transformar esta situa\u00e7\u00e3o conjuntural em grande oportunidade. <\/span><\/p>\n<p style=\"text-align: justify; line-height: 150%;\"><span style=\"font-size: 14pt; line-height: 150%; font-family: 'Trebuchet MS',sans-serif;\">De resistir a medidas paliativas e implementar reformas estruturais no nosso tecido produtivo. <\/span><\/p>\n<p style=\"text-align: justify; line-height: 150%;\"><span style=\"font-size: 14pt; line-height: 150%; font-family: 'Trebuchet MS',sans-serif;\">\u00c9 hora de acordar do sonho infinito, de simples vontades e come\u00e7ar a produzir de forma competitiva e multissectorial.<\/span><\/p>\n<p style=\"text-align: justify; line-height: 150%;\"><span style=\"font-size: 14pt; line-height: 150%; font-family: 'Trebuchet MS',sans-serif;\">Este \u00e9 o caminho que escolhemos para nossa economia , um caminho que exige coragem rumo a sustentabilidade. <\/span><\/p>\n<p style=\"text-align: justify; line-height: 150%;\"><span style=\"font-size: 14pt; line-height: 150%; font-family: 'Trebuchet MS',sans-serif;\">Um caminho que imp\u00f5e uma nova forma de atua\u00e7\u00e3o do estado, do sector privado, do sector financeiro e da sociedade em geral .<\/span><\/p>\n<p style=\"text-align: justify; line-height: 150%;\"><span style=\"font-size: 14pt; line-height: 150%; font-family: 'Trebuchet MS',sans-serif;\">O ano de 2015 ficara marcado pelo exerc\u00edcio interno necess\u00e1rio de consolida\u00e7\u00e3o das contas publicas. <\/span><\/p>\n<p style=\"text-align: justify; line-height: 150%;\"><span style=\"font-size: 14pt; line-height: 150%; font-family: 'Trebuchet MS',sans-serif;\">Permite-nos projectar maior rigor de investimento publico; e uma invers\u00e3o na pol\u00edtica de subs\u00eddios de importa\u00e7\u00e3o para subs\u00eddios a produ\u00e7\u00e3o.<\/span><\/p>\n<p style=\"text-align: justify; line-height: 150%;\"><span style=\"font-size: 14pt; line-height: 150%; font-family: 'Trebuchet MS',sans-serif;\">A base s\u00f3lida de contas publicas que estamos a construir representa um pilar para reformas estruturantes que pretendemos desenvolver ao longo dos pr\u00f3ximos anos.<\/span><\/p>\n<p style=\"text-align: justify; line-height: 150%;\"><span style=\"font-size: 14pt; line-height: 150%; font-family: 'Trebuchet MS',sans-serif;\">Pretendemos estimular a economia produtiva , atrav\u00e9s de reformas e est\u00edmulos em sectores onde Mo\u00e7ambique \u00e9 naturalmente competitivo. <\/span><\/p>\n<p style=\"text-align: justify; line-height: 150%;\"><span style=\"font-size: 14pt; line-height: 150%; font-family: 'Trebuchet MS',sans-serif;\">Encorajamos crit\u00e9rios de empregabilidade, destacamos para agricultura , energia e turismo, sem deixar de estimular outros sectores igualmente competitivos.<\/span><\/p>\n<p style=\"text-align: justify; line-height: 150%;\"><span style=\"font-size: 14pt; line-height: 150%; font-family: 'Trebuchet MS',sans-serif;\">O ano de 2015 fica igualmente marcado pela resili\u00eancia demostrada pelo nosso sector privado , os fazedores da economia. <\/span><\/p>\n<p style=\"text-align: justify; line-height: 150%;\"><span style=\"font-size: 14pt; line-height: 150%; font-family: 'Trebuchet MS',sans-serif;\">Um sector privado que tamb\u00e9m \u00e9 povo que aproveitamos para estender os nossos respeitosos cumprimentos. <\/span><\/p>\n<p style=\"text-align: justify; line-height: 150%;\"><span style=\"font-size: 14pt; line-height: 150%; font-family: 'Trebuchet MS',sans-serif;\">Continuaremos a caminhar juntos para capitaliza\u00e7\u00e3o ; incentivando o investimento estrangeiro sem depend\u00eancias e sem adiar o sonho colectivo de um povo.<\/span><\/p>\n<p style=\"text-align: justify; line-height: 150%;\"><span style=\"font-size: 14pt; line-height: 150%; font-family: 'Trebuchet MS',sans-serif;\">A estabilidade da moeda exige o aumento sempre crescente da produ\u00e7\u00e3o e produtividade, assim como o esfor\u00e7o de vigil\u00e2ncia contra todos os actos e tentativas de utilizar indevidamente a nossa moeda.\u201d<\/span><\/p>\n<p style=\"text-align: justify; line-height: 150%;\"><span style=\"font-size: 14pt; line-height: 150%; font-family: 'Trebuchet MS',sans-serif;\">Com coragem, concerta\u00e7\u00e3o e sabedoria, juntos faremos o que tem que ser feito.<\/span><\/p>\n<p style=\"text-align: justify; line-height: 150%;\"><strong><span style=\"font-size: 14pt; line-height: 150%; font-family: 'Trebuchet MS',sans-serif;\">Aos Gestores e funcion\u00e1rios do Millennium Bim;<\/span><\/strong><\/p>\n<p style=\"text-align: justify; line-height: 150%;\"><strong><span style=\"font-size: 14pt; line-height: 150%; font-family: 'Trebuchet MS',sans-serif;\">Ao Sector Financeiro;<\/span><\/strong><\/p>\n<p style=\"text-align: justify; line-height: 150%;\"><strong><span style=\"font-size: 14pt; line-height: 150%; font-family: 'Trebuchet MS',sans-serif;\">A todo o povo Mo\u00e7ambicano!<\/span><\/strong><\/p>\n<p style=\"text-align: justify; line-height: 150%;\"><span style=\"font-size: 14pt; line-height: 150%; font-family: 'Trebuchet MS',sans-serif;\">Escolhemos este momento em que reflectimos a firmeza dum Banco Nacional para traduzir a consci\u00eancia que temos sobre o que fazemos, e deixar claro a responsabilidade que o pa\u00eds tem quando apelamos cada vez mais a necessidade de estabilidade para trabalharmos, para produzirmos. <\/span><\/p>\n<p style=\"text-align: justify; line-height: 150%;\"><span style=\"font-size: 14pt; line-height: 150%; font-family: 'Trebuchet MS',sans-serif;\">\u00c9 com confian\u00e7a e distante do centro especulativo que projetamos uma economia de oportunidades e a crescer para os pr\u00f3ximos anos.<\/span><\/p>\n<p style=\"text-align: justify; line-height: 150%;\"><span style=\"font-size: 14pt; line-height: 150%; font-family: 'Trebuchet MS',sans-serif;\">Quero assegurar que o meu Governo vai fazer a sua parte, com realce para o aprimoramento do quadro legal e normativo e assegurar a sua efectiva implementa\u00e7\u00e3o. <\/span><\/p>\n<p style=\"text-align: justify; line-height: 150%;\"><span style=\"font-size: 14pt; line-height: 150%; font-family: 'Trebuchet MS',sans-serif;\">Referimo-nos a implanta\u00e7\u00e3o de infra-estruturas essenciais para a instala\u00e7\u00e3o de servi\u00e7os financeiros com destaque para energia, telecomunica\u00e7\u00f5es e estradas. <\/span><\/p>\n<p style=\"text-align: justify; line-height: 150%;\"><span style=\"font-size: 14pt; line-height: 150%; font-family: 'Trebuchet MS',sans-serif;\">Referimo-nos ao fortalecimento do capital humano e a expans\u00e3o da descentraliza\u00e7\u00e3o financeira para o n\u00edvel local. <\/span><\/p>\n<p style=\"text-align: justify; line-height: 150%;\"><span style=\"font-size: 14pt; line-height: 150%; font-family: 'Trebuchet MS',sans-serif;\">A terminar, auguramos que na Gala dos 30 anos, repito dos 30 anos, o Millennium Bim j\u00e1 esteja presente em todos os Distritos do Pa\u00eds, e tenha jogado um papel de destaque na eleva\u00e7\u00e3o significativa das taxas de bancariza\u00e7\u00e3o e de inclus\u00e3o financeira em Mo\u00e7ambique.<\/span><\/p>\n<p style=\"text-align: justify; line-height: 150%;\"><span style=\"font-size: 14pt; line-height: 150%; font-family: 'Trebuchet MS',sans-serif;\">Bem haja o Millennium BIM, e a sua ac\u00e7\u00e3o de prover servi\u00e7os financeiros aos empreendedores que acreditam que investir em Mo\u00e7ambique \u00e9 seguro e rent\u00e1vel! <\/span><\/p>\n<p style=\"text-align: center; line-height: 150%;\" align=\"center\"><strong><span style=\"font-size: 14pt; line-height: 150%; font-family: 'Trebuchet MS',sans-serif;\">Parab\u00e9ns Millennium Bim.<\/span><\/strong><\/p>\n<p style=\"text-align: justify; line-height: 150%;\"><span style=\"font-size: 14pt; line-height: 150%; font-family: 'Trebuchet MS',sans-serif;\">Obrigado pela aten\u00e7\u00e3o!<\/span><\/p>\n","protected":false},"excerpt":{"rendered":"<p>Discurso de Sua Exc\u00ealenc ia Filipe Jacinto Nyusi, Presidente da Rep\u00fablica por ocasi\u00e3o do 20\u00ba Anivers\u00e1rio do Millenium BIM. Maputo, 29 Outubro de 201 Senhor Engenheiro Rui Fonseca, Presidente do Conselho de Administra\u00e7\u00e3o do Millenium BIM; Senhor Ant\u00f3nio Monteiro, Presidente do Conselho de Administra\u00e7\u00e3o do Millennium BCP; Senhores Ministros e Vice-Ministros; Senhor Joaquim Chissano, Antigo &hellip;<\/p>\n","protected":false},"author":1,"featured_media":0,"comment_status":"open","ping_status":"open","sticky":false,"template":"","format":"standard","meta":{"_jetpack_memberships_contains_paid_content":false,"footnotes":""},"categories":[4],"tags":[],"class_list":["post-1130","post","type-post","status-publish","format-standard","hentry","category-outras"],"jetpack_featured_media_url":"","jetpack_sharing_enabled":true,"_links":{"self":[{"href":"https:\/\/www.frelimo.org.mz\/index.php?rest_route=\/wp\/v2\/posts\/1130","targetHints":{"allow":["GET"]}}],"collection":[{"href":"https:\/\/www.frelimo.org.mz\/index.php?rest_route=\/wp\/v2\/posts"}],"about":[{"href":"https:\/\/www.frelimo.org.mz\/index.php?rest_route=\/wp\/v2\/types\/post"}],"author":[{"embeddable":true,"href":"https:\/\/www.frelimo.org.mz\/index.php?rest_route=\/wp\/v2\/users\/1"}],"replies":[{"embeddable":true,"href":"https:\/\/www.frelimo.org.mz\/index.php?rest_route=%2Fwp%2Fv2%2Fcomments&post=1130"}],"version-history":[{"count":0,"href":"https:\/\/www.frelimo.org.mz\/index.php?rest_route=\/wp\/v2\/posts\/1130\/revisions"}],"wp:attachment":[{"href":"https:\/\/www.frelimo.org.mz\/index.php?rest_route=%2Fwp%2Fv2%2Fmedia&parent=1130"}],"wp:term":[{"taxonomy":"category","embeddable":true,"href":"https:\/\/www.frelimo.org.mz\/index.php?rest_route=%2Fwp%2Fv2%2Fcategories&post=1130"},{"taxonomy":"post_tag","embeddable":true,"href":"https:\/\/www.frelimo.org.mz\/index.php?rest_route=%2Fwp%2Fv2%2Ftags&post=1130"}],"curies":[{"name":"wp","href":"https:\/\/api.w.org\/{rel}","templated":true}]}}