{"id":1115,"date":"2015-10-25T22:00:00","date_gmt":"2015-10-25T22:00:00","guid":{"rendered":"https:\/\/www.frelimo.org.mz\/?p=1115"},"modified":"2015-10-25T22:00:00","modified_gmt":"2015-10-25T22:00:00","slug":"ojm-candidatos-conhecidos-esta-semana","status":"publish","type":"post","link":"https:\/\/www.frelimo.org.mz\/?p=1115","title":{"rendered":"OJM: Candidatos conhecidos esta semana"},"content":{"rendered":"<p><span style=\"font-family: verdana,geneva; font-size: 12pt;\">OS candidatos a secret\u00e1rio-geral da Organizacao da Juventude Mocambicana (OJM) ser\u00e3o conhecidos esta semana, cerca de um m\u00eas antes do arranque o I Congresso da agremia\u00e7\u00e3o, encontro que eleger\u00e1 o novo timoneiro da ala juvenil da Frelimo.<\/span><\/p>\n<p><!--more--><\/p>\n<p>&nbsp;<\/p>\n<p><span style=\"font-family: verdana,geneva; font-size: 12pt;\">O facto foi revelado sexta-feira ao \u201cNot\u00edcias\u201d pelo actual timoneiro da OJM, Pedro Frederico Cossa, quando abordado pelo \u201cNot\u00edcias\u201d para se pronunciar sobre os preparativos do I Congresso da agremia\u00e7\u00e3o, aprazado para os dias 26 a 29 de Novembro.<\/span><\/p>\n<p><span style=\"font-family: verdana,geneva; font-size: 12pt;\">Sem adiantar o n\u00famero de candidaturas submetidas at\u00e9 ao momento, Pedro Cossa confirmou \u00e0 nossa Reportagem o facto de ele tamb\u00e9m ser concorrente \u00e0 sua pr\u00f3pria sucess\u00e3o.<\/span><\/p>\n<p><span style=\"font-family: verdana,geneva; font-size: 12pt;\">\u201cNeste momento n\u00e3o tenho condi\u00e7\u00f5es de avan\u00e7ar com o n\u00famero de candidaturas submetidas. Por\u00e9m, posso afirmar que os concorrentes a serem apurados para o escrut\u00ednio ser\u00e3o conhecidos na pr\u00f3xima semana (esta), depois de conclu\u00eddo o trabalho de triagem que est\u00e1 a ser levado a cabo pelo Conselho Jurisdicional da nossa organiza\u00e7\u00e3o\u201d, afirmou Pedro Cossa, para depois sublinhar que o prazo de submiss\u00e3o de candidaturas para o cargo de secret\u00e1rio-geral da OJM terminou no passado dia 20 deste mes.<\/span><\/p>\n<p><span style=\"font-family: verdana,geneva; font-size: 12pt;\">Na ocasi\u00e3o Pedro Frederico Cossa referiu que para al\u00e9m da corrida ao cargo de secret\u00e1rio-geral os membros da OJM que tiverem todos os requisitos preenchidos poder\u00e3o concorrer para os outros \u00f3rg\u00e3os da organiza\u00e7\u00e3o, como seja o Comit\u00e9 Central, Comit\u00e9 de Verifica\u00e7\u00e3o, Comit\u00e9 de Jurisdi\u00e7\u00e3o, entre outros.<\/span><\/p>\n<p><span style=\"font-family: verdana,geneva; font-size: 12pt;\">Sobre o processo de prepara\u00e7\u00e3o da primeira reuni\u00e3o magna da Organiza\u00e7\u00e3o da Juventude Mo\u00e7ambicana OJM a fonte referiu que \u201ctudo est\u00e1 a decorrer de forma satisfat\u00f3ria\u201d.<\/span><\/p>\n<p><span style=\"font-family: verdana,geneva; font-size: 12pt;\">Acrescentou que para o \u00faltimo fim-de-semana estavam previstas duas confer\u00eancias provinciais, nomeadamente em Maputo e Gaza, onde para al\u00e9m de se eleger os delegados ao congresso, que ter\u00e1 lugar na Escola Central do Partido Frelimo, na Matola, seriam conhecidos os secret\u00e1rios provinciais da organiza\u00e7\u00e3o assim como os \u00f3rg\u00e3os locais bem como os membros do Comit\u00e9 Central representando estas duas prov\u00edncias.<\/span><\/p>\n<p><span style=\"font-family: verdana,geneva; font-size: 12pt;\">\u201cAs confer\u00eancias, quer de n\u00edvel distrital e provincial, decorreram dentro daquilo que foram as nossas expectativas em termos organizacionais. Outrossim fic\u00e1mos satisfeitos com a maneira como as elei\u00e7\u00f5es decorreram, a todos os n\u00edveis. No final deste processo de prepara\u00e7\u00e3o do I Congresso bem como de revitaliza\u00e7\u00e3o dos nossos \u00f3rg\u00e3os de base iremos ter uma Organiza\u00e7\u00e3o da Juventude Mo\u00e7ambicana OJM rejuvenescida e pronta para os novos desafios\u201d, enfatizou o nosso interlocutor.<\/span><\/p>\n","protected":false},"excerpt":{"rendered":"<p>OS candidatos a secret\u00e1rio-geral da Organizacao da Juventude Mocambicana (OJM) ser\u00e3o conhecidos esta semana, cerca de um m\u00eas antes do arranque o I Congresso da agremia\u00e7\u00e3o, encontro que eleger\u00e1 o novo timoneiro da ala juvenil da Frelimo. &nbsp; O facto foi revelado sexta-feira ao \u201cNot\u00edcias\u201d pelo actual timoneiro da OJM, Pedro Frederico Cossa, quando abordado &hellip;<\/p>\n","protected":false},"author":1,"featured_media":0,"comment_status":"open","ping_status":"open","sticky":false,"template":"","format":"standard","meta":{"_jetpack_memberships_contains_paid_content":false,"footnotes":""},"categories":[4],"tags":[],"class_list":["post-1115","post","type-post","status-publish","format-standard","hentry","category-outras"],"jetpack_featured_media_url":"","jetpack_sharing_enabled":true,"_links":{"self":[{"href":"https:\/\/www.frelimo.org.mz\/index.php?rest_route=\/wp\/v2\/posts\/1115","targetHints":{"allow":["GET"]}}],"collection":[{"href":"https:\/\/www.frelimo.org.mz\/index.php?rest_route=\/wp\/v2\/posts"}],"about":[{"href":"https:\/\/www.frelimo.org.mz\/index.php?rest_route=\/wp\/v2\/types\/post"}],"author":[{"embeddable":true,"href":"https:\/\/www.frelimo.org.mz\/index.php?rest_route=\/wp\/v2\/users\/1"}],"replies":[{"embeddable":true,"href":"https:\/\/www.frelimo.org.mz\/index.php?rest_route=%2Fwp%2Fv2%2Fcomments&post=1115"}],"version-history":[{"count":0,"href":"https:\/\/www.frelimo.org.mz\/index.php?rest_route=\/wp\/v2\/posts\/1115\/revisions"}],"wp:attachment":[{"href":"https:\/\/www.frelimo.org.mz\/index.php?rest_route=%2Fwp%2Fv2%2Fmedia&parent=1115"}],"wp:term":[{"taxonomy":"category","embeddable":true,"href":"https:\/\/www.frelimo.org.mz\/index.php?rest_route=%2Fwp%2Fv2%2Fcategories&post=1115"},{"taxonomy":"post_tag","embeddable":true,"href":"https:\/\/www.frelimo.org.mz\/index.php?rest_route=%2Fwp%2Fv2%2Ftags&post=1115"}],"curies":[{"name":"wp","href":"https:\/\/api.w.org\/{rel}","templated":true}]}}