{"id":1110,"date":"2015-10-20T09:09:41","date_gmt":"2015-10-20T09:09:41","guid":{"rendered":"https:\/\/www.frelimo.org.mz\/?p=1110"},"modified":"2015-10-20T09:09:41","modified_gmt":"2015-10-20T09:09:41","slug":"nenhum-pais-pode-alcancar-desenvolvimento-economico-inclusivo-sem-a-construcao-de-infra-estruturas-nyusi-no-aniversario-do-isutc","status":"publish","type":"post","link":"https:\/\/www.frelimo.org.mz\/?p=1110","title":{"rendered":"\u201cNenhum pa\u00eds pode alcan\u00e7ar desenvolvimento econ\u00f3mico inclusivo sem a constru\u00e7\u00e3o de infra-estruturas\u201d-Nyusi no anivers\u00e1rio do ISUTC"},"content":{"rendered":"<p><span style=\"font-family: verdana, geneva; font-size: 12pt;\">O Presidente da Rep\u00fablica, Filipe Nyusi, enalteceu os esfor\u00e7os do Instituto Superior de Transportes e Comunica\u00e7\u00f5es, ISUTC, na difus\u00e3o da ci\u00eancia, cultura, tecnologia e investiga\u00e7\u00e3o em Mo\u00e7ambique.<\/span><\/p>\n<p><!--more--><\/p>\n<p>&nbsp;<\/p>\n<p><span style=\"font-family: verdana, geneva; font-size: 12pt;\">Falando em Maputo na gala dos 15 anos da ISUTC, o Chefe do Estado destacou o papel da institui\u00e7\u00e3o na renova\u00e7\u00e3o do quadro de engenheiros nacionais de \u00e1reas, bem na apropria\u00e7\u00e3o pelos mo\u00e7ambicanos de aptid\u00f5es tecnol\u00f3gicas que n\u00e3o existiam no leque formativo de outras institui\u00e7\u00f5es.<\/span><\/p>\n<p><span style=\"font-family: verdana, geneva; font-size: 12pt;\">\u201cPor isso queremos convidar ao Instituto a assumir novas ambi\u00e7\u00f5es, na expans\u00e3o dos servi\u00e7os para um n\u00famero cada vez maior de mo\u00e7ambicanos, ao longo do territ\u00f3rio nacional sem, contudo, descurar a qualidade. Aconselhamos igualmente para que no processo da prepara\u00e7\u00e3o t\u00e9cnica e cient\u00edfica continuem a priorizar uma profunda e integral forma\u00e7\u00e3o de cada um dos nossos graduados para que se preocupem, permanentemente, com o que podem fazer pelo Mo\u00e7ambique. Encorajamos a outros operadores do mercado a replicarem este tipo de iniciativas, quer em parcerias entre si, ou com o sector p\u00fablico. \u201d-referiu Nyusi<\/span><\/p>\n","protected":false},"excerpt":{"rendered":"<p>O Presidente da Rep\u00fablica, Filipe Nyusi, enalteceu os esfor\u00e7os do Instituto Superior de Transportes e Comunica\u00e7\u00f5es, ISUTC, na difus\u00e3o da ci\u00eancia, cultura, tecnologia e investiga\u00e7\u00e3o em Mo\u00e7ambique. &nbsp; Falando em Maputo na gala dos 15 anos da ISUTC, o Chefe do Estado destacou o papel da institui\u00e7\u00e3o na renova\u00e7\u00e3o do quadro de engenheiros nacionais de &hellip;<\/p>\n","protected":false},"author":1,"featured_media":0,"comment_status":"open","ping_status":"open","sticky":false,"template":"","format":"standard","meta":{"_jetpack_memberships_contains_paid_content":false,"footnotes":""},"categories":[4],"tags":[],"class_list":["post-1110","post","type-post","status-publish","format-standard","hentry","category-outras"],"jetpack_featured_media_url":"","jetpack_sharing_enabled":true,"_links":{"self":[{"href":"https:\/\/www.frelimo.org.mz\/index.php?rest_route=\/wp\/v2\/posts\/1110","targetHints":{"allow":["GET"]}}],"collection":[{"href":"https:\/\/www.frelimo.org.mz\/index.php?rest_route=\/wp\/v2\/posts"}],"about":[{"href":"https:\/\/www.frelimo.org.mz\/index.php?rest_route=\/wp\/v2\/types\/post"}],"author":[{"embeddable":true,"href":"https:\/\/www.frelimo.org.mz\/index.php?rest_route=\/wp\/v2\/users\/1"}],"replies":[{"embeddable":true,"href":"https:\/\/www.frelimo.org.mz\/index.php?rest_route=%2Fwp%2Fv2%2Fcomments&post=1110"}],"version-history":[{"count":0,"href":"https:\/\/www.frelimo.org.mz\/index.php?rest_route=\/wp\/v2\/posts\/1110\/revisions"}],"wp:attachment":[{"href":"https:\/\/www.frelimo.org.mz\/index.php?rest_route=%2Fwp%2Fv2%2Fmedia&parent=1110"}],"wp:term":[{"taxonomy":"category","embeddable":true,"href":"https:\/\/www.frelimo.org.mz\/index.php?rest_route=%2Fwp%2Fv2%2Fcategories&post=1110"},{"taxonomy":"post_tag","embeddable":true,"href":"https:\/\/www.frelimo.org.mz\/index.php?rest_route=%2Fwp%2Fv2%2Ftags&post=1110"}],"curies":[{"name":"wp","href":"https:\/\/api.w.org\/{rel}","templated":true}]}}