{"id":1061,"date":"2015-08-27T13:42:50","date_gmt":"2015-08-27T13:42:50","guid":{"rendered":"https:\/\/www.frelimo.org.mz\/?p=1061"},"modified":"2015-08-27T13:42:50","modified_gmt":"2015-08-27T13:42:50","slug":"para-acabar-com-casamentos-prematuros-isaura-nyusi-defende-mudanca-de-postura","status":"publish","type":"post","link":"https:\/\/www.frelimo.org.mz\/?p=1061","title":{"rendered":"PARA ACABAR COM CASAMENTOS PREMATUROS: Isaura Nyusi defende mudan\u00e7a de postura"},"content":{"rendered":"<p style=\"margin: 0px 0px 6px; color: #141823; font-family: helvetica, arial, sans-serif; font-size: 14px; line-height: 12.8800001144409px;\">Quinta, 27 Agosto 2015<\/p>\n<p style=\"margin: 0px 0px 6px; color: #141823; font-family: helvetica, arial, sans-serif; font-size: 14px; line-height: 12.8800001144409px;\">&nbsp;<\/p>\n<p style=\"margin: 6px 0px; color: #141823; font-family: helvetica, arial, sans-serif; font-size: 14px; line-height: 12.8800001144409px;\">A PRIMEIRA-DAMA de Mo\u00e7ambique, Isaura Nyusi, defende que a melhor forma de acabar com os casamentos prematuros no pa\u00eds \u00e9 a mudan\u00e7a da atitude individual, tendo clareza da ac\u00e7\u00e3o que cada um deve tomar quando confrontado com um casamento de uma rapariga menor de 18 anos.<\/p>\n<p><!--more--><\/p>\n<p style=\"margin: 6px 0px; color: #141823; font-family: helvetica, arial, sans-serif; font-size: 14px; line-height: 12.8800001144409px;\">&nbsp;<\/p>\n<p style=\"margin: 6px 0px; color: #141823; font-family: helvetica, arial, sans-serif; font-size: 14px; line-height: 12.8800001144409px;\">A esposa do Presidente da Rep\u00fablica&nbsp;<a class=\"profileLink\" style=\"color: #3b5998; cursor: pointer; text-decoration: none;\" href=\"https:\/\/www.facebook.com\/NyusiConfioemti\" data-hovercard=\"\/ajax\/hovercard\/page.php?id=1396948690571925\">Filipe Nyusi<\/a>, fez este pronunciamento, ontem, durante a cerim\u00f3nia de abertura do II F\u00f3rum Nacional Inter-Religioso sobre os casamentos prematuros que decorre na cidade da Matola, prov\u00edncia de Maputo.<\/p>\n<p style=\"margin: 6px 0px; color: #141823; font-family: helvetica, arial, sans-serif; font-size: 14px; line-height: 12.8800001144409px;\">A primeira-dama convidou os mo\u00e7ambicanos, em geral, e as confiss\u00f5es religiosas, em particular, a darem o seu contributo na busca de solu\u00e7\u00f5es para os desafios que o pa\u00eds ainda enfrenta, um dos quais \u00e9 o de combater os casamentos prematuros.<\/p>\n<p style=\"margin: 6px 0px; color: #141823; font-family: helvetica, arial, sans-serif; font-size: 14px; line-height: 12.8800001144409px;\">Para Isaura Nyusi, o evento, que decorre sob o lema \u201cCasar? S\u00f3 depois dos 18 anos\u201d, reveste-se de grande significado para o nosso pa\u00eds, uma vez que junta esfor\u00e7os de \u201ctodas as for\u00e7as vivas\u201d da sociedade no combate aos casamentos prematuros, respondendo ao desafio lan\u00e7ado pelo Governo de tudo se fazer para n\u00e3o permitir que nenhuma rapariga se case antes dos 18 anos de idade.<\/p>\n<p style=\"margin: 6px 0px; color: #141823; font-family: helvetica, arial, sans-serif; font-size: 14px; line-height: 12.8800001144409px;\">O f\u00f3rum, no qual participam tamb\u00e9m representantes do Governo, do Parlamento e da sociedade civil, pretende diagnosticar os principais problemas da rapariga, na perspectiva de identificar as ac\u00e7\u00f5es que ir\u00e3o ajudar na defini\u00e7\u00e3o de pilares da Estrat\u00e9gia Nacional de Preven\u00e7\u00e3o e Elimina\u00e7\u00e3o dos Casamentos Prematuros no seio da sociedade mo\u00e7ambicana.<\/p>\n<p style=\"margin: 6px 0px; color: #141823; font-family: helvetica, arial, sans-serif; font-size: 14px; line-height: 12.8800001144409px;\">Isaura Nyusi instou aos participantes para que durante os dois de trabalho produzam consensos sobre as responsabilidades do Estado no que se refere ao empoderamento das crian\u00e7as do sexo feminino com conhecimentos e habilidades para a vida, bem como a coopera\u00e7\u00e3o e coordena\u00e7\u00e3o das actividades das organiza\u00e7\u00f5es da sociedade civil e as confiss\u00f5es religiosas entre elas e o Governo.<\/p>\n<p style=\"margin: 6px 0px; color: #141823; font-family: helvetica, arial, sans-serif; font-size: 14px; line-height: 12.8800001144409px;\">Apelou os participantes a chegarem a consensos sobre que iniciativas devem ser desenvolvidas para a preven\u00e7\u00e3o e elimina\u00e7\u00e3o de casamentos prematuros em Mo\u00e7ambique.<\/p>\n<p style=\"margin: 6px 0px; color: #141823; font-family: helvetica, arial, sans-serif; font-size: 14px; line-height: 12.8800001144409px;\">\u201cGostaria de manifestar o nosso profundo apelo aos nossos queridos jovens para que estejam mais atentos \u00e0s oportunidades que a vida lhes oferece e que n\u00e3o se precipitem para decis\u00f5es que podem comprometer o seu futuro\u201d, apelou Isaura Nyusi.<\/p>\n<p style=\"margin: 6px 0px; color: #141823; font-family: helvetica, arial, sans-serif; font-size: 14px; line-height: 12.8800001144409px;\">Mo\u00e7ambique \u00e9 um dos pa\u00edses com alta taxa de casamentos prematuros, ocupando a 10.\u00aa posi\u00e7\u00e3o a n\u00edvel mundial. Devido ao problema, que se faz sentir mais nas zonas rurais, as raparigas engravidam precocemente, abandonam a escola, ficam expostas \u00e0 contamina\u00e7\u00e3o por doen\u00e7as, entre as quais o HIV\/SIDA, tornam-se mais pobres e vulner\u00e1veis a todo o tipo de viol\u00eancia (f\u00edsica, sexual e psicol\u00f3gica).<\/p>\n<p style=\"margin: 6px 0px 0px; display: inline; color: #141823; font-family: helvetica, arial, sans-serif; font-size: 14px; line-height: 12.8800001144409px;\">\u201cO pastor e o sheik de hoje enfrentam os problemas de hoje. Deus n\u00e3o vir\u00e1 para p\u00f4r fim a isto enquanto n\u00f3s n\u00e3o agirmos para salvar a rapariga e o mundo&#8230; O fen\u00f3meno de casamentos prematuros n\u00e3o tem fronteira de santidade, pelo contr\u00e1rio, \u00e9 l\u00e1 onde habita a santidade que os casamentos for\u00e7ados procuram estar, \u00e9 l\u00e1 onde reina a ora\u00e7\u00e3o, o perd\u00e3o, o amor, o respeito onde os casamentos precoces circundam\u201d, salientou Bernardo Dimande, presidente da Alian\u00e7a Inter-Religiosa para a Advocacia e Desenvolvimento Social (AIRDES), que afirma que \u00e9 reconhecendo o impacto do problema na sociedade que a institui\u00e7\u00e3o que dirige reuniu os diferentes segmentos da sociedade para juntos conceberem um plano de ac\u00e7\u00e3o 2015-2019 e se comprometerem em trabalhar em prol da elimina\u00e7\u00e3o dos casamentos prematuros.<\/p>\n","protected":false},"excerpt":{"rendered":"<p>Quinta, 27 Agosto 2015 &nbsp; A PRIMEIRA-DAMA de Mo\u00e7ambique, Isaura Nyusi, defende que a melhor forma de acabar com os casamentos prematuros no pa\u00eds \u00e9 a mudan\u00e7a da atitude individual, tendo clareza da ac\u00e7\u00e3o que cada um deve tomar quando confrontado com um casamento de uma rapariga menor de 18 anos. &nbsp; A esposa do &hellip;<\/p>\n","protected":false},"author":1,"featured_media":0,"comment_status":"open","ping_status":"open","sticky":false,"template":"","format":"standard","meta":{"_jetpack_memberships_contains_paid_content":false,"footnotes":""},"categories":[4],"tags":[],"class_list":["post-1061","post","type-post","status-publish","format-standard","hentry","category-outras"],"jetpack_featured_media_url":"","jetpack_sharing_enabled":true,"_links":{"self":[{"href":"https:\/\/www.frelimo.org.mz\/index.php?rest_route=\/wp\/v2\/posts\/1061","targetHints":{"allow":["GET"]}}],"collection":[{"href":"https:\/\/www.frelimo.org.mz\/index.php?rest_route=\/wp\/v2\/posts"}],"about":[{"href":"https:\/\/www.frelimo.org.mz\/index.php?rest_route=\/wp\/v2\/types\/post"}],"author":[{"embeddable":true,"href":"https:\/\/www.frelimo.org.mz\/index.php?rest_route=\/wp\/v2\/users\/1"}],"replies":[{"embeddable":true,"href":"https:\/\/www.frelimo.org.mz\/index.php?rest_route=%2Fwp%2Fv2%2Fcomments&post=1061"}],"version-history":[{"count":0,"href":"https:\/\/www.frelimo.org.mz\/index.php?rest_route=\/wp\/v2\/posts\/1061\/revisions"}],"wp:attachment":[{"href":"https:\/\/www.frelimo.org.mz\/index.php?rest_route=%2Fwp%2Fv2%2Fmedia&parent=1061"}],"wp:term":[{"taxonomy":"category","embeddable":true,"href":"https:\/\/www.frelimo.org.mz\/index.php?rest_route=%2Fwp%2Fv2%2Fcategories&post=1061"},{"taxonomy":"post_tag","embeddable":true,"href":"https:\/\/www.frelimo.org.mz\/index.php?rest_route=%2Fwp%2Fv2%2Ftags&post=1061"}],"curies":[{"name":"wp","href":"https:\/\/api.w.org\/{rel}","templated":true}]}}