{"id":1056,"date":"2015-08-27T11:54:47","date_gmt":"2015-08-27T11:54:47","guid":{"rendered":"https:\/\/www.frelimo.org.mz\/?p=1056"},"modified":"2015-08-27T11:54:47","modified_gmt":"2015-08-27T11:54:47","slug":"comissao-politica-sauda-presidente-filipe-jacinto-nyusi-pelo-convite-enderecado-ao-lider-da-renamo","status":"publish","type":"post","link":"https:\/\/www.frelimo.org.mz\/?p=1056","title":{"rendered":"COMISS\u00c3O POL\u00cdTICA SA\u00daDA PRESIDENTE FILIPE JACINTO NYUSI, PELO CONVITE ENDERE\u00c7ADO AO L\u00cdDER DA RENAMO"},"content":{"rendered":"<p>Sob direc\u00e7\u00e3o do Camarada FILIPE JACINTO NYUSI, Presidente da FRELIMO, teve lugar a 51\u00aa Sess\u00e3o Ordin\u00e1ria da Comiss\u00e3o Pol\u00edtica, no dia 26 de Agosto de 2015, na Sede Nacional da FRELIMO.<\/p>\n<p><!--more--><\/p>\n<p>&nbsp;<br \/>1. A Comiss\u00e3o Pol\u00edtica analisou a situa\u00e7\u00e3o pol\u00edtica, econ\u00f3mica e social, actual, do Pa\u00eds e considera que a Paz \u00e9 um bem comum e conquista colectiva do povo mo\u00e7ambicano que deve continuar a ser preservada por todos e por cada um de n\u00f3s, promovendo ac\u00e7\u00f5es que contribuam para o di\u00e1logo permanente na fam\u00edlia, na comunidade e na sociedade, em geral, a bem da Na\u00e7\u00e3o.<\/p>\n<p>2. A Comiss\u00e3o Pol\u00edtica sa\u00fada o Camarada Presidente FILIPE JACINTO NYUSI, pelo convite endere\u00e7ado ao l\u00edder da Renamo, com vista a an\u00e1lise do grau de cumprimento do Acordo de Cessa\u00e7\u00e3o das Hostilidades Militares e a avalia\u00e7\u00e3o do decurso do di\u00e1logo entre o Governo de Mo\u00e7ambique e a Renamo;<\/p>\n<p>3. A Comiss\u00e3o Pol\u00edtica encoraja o Camarada Presidente FILIPE JACINTO NYUSI a continuar a promover o di\u00e1logo com todas as for\u00e7as vivas da sociedade, na promo\u00e7\u00e3o de ac\u00e7\u00f5es que visem a consolida\u00e7\u00e3o da Unidade Nacional, preserva\u00e7\u00e3o da Paz e desenvolvimento do nosso Pa\u00eds;<\/p>\n<p>4. A Comiss\u00e3o Pol\u00edtica foi informada sobre o decurso da 35\u00aa Cimeira dos Chefes de Estado e de Governo da Comunidade de Desenvolvimento da \u00c1frica Austral (SADC) que teve lugar em Gaberone, Rep\u00fablica do Botswana e congratula o Camarada Presidente FILIPE JACINTO NYUSI por ter sido eleito Presidente do \u00d3rg\u00e3o para Coopera\u00e7\u00e3o nas \u00c1reas de Pol\u00edtica, Defesa e Seguran\u00e7a da SADC;<\/p>\n<p>5. A Comiss\u00e3o Pol\u00edtica foi informada sobre o est\u00e1gio actual do di\u00e1logo entre o Governo de Mo\u00e7ambique e a Renamo e considera que a postura assumida pela Renamo e seu l\u00edder faz parte das manobras dilat\u00f3rias que t\u00eam por finalidade impedir a desmilitariza\u00e7\u00e3o e a reinser\u00e7\u00e3o econ\u00f3mica e social dos seus homens residuais e o cumprimento efectivo do Acordo de Cessa\u00e7\u00e3o de Hostilidades Militares, facto que concorre para retrair as ac\u00e7\u00f5es em curso, com vista ao bem-estar do povo mo\u00e7ambicano e progresso de Mo\u00e7ambique;<\/p>\n<p>6. A Comiss\u00e3o Pol\u00edtica repudia e condena veementemente os ataques da Renamo \u00e0s For\u00e7as de Defesa e Seguran\u00e7a do nosso Pa\u00eds, uma demonstra\u00e7\u00e3o inequ\u00edvoca de provoca\u00e7\u00e3o \u00e0s autoridades;<\/p>\n<p>7. A Comiss\u00e3o Pol\u00edtica sa\u00fada o Governo de Mo\u00e7ambique pela organiza\u00e7\u00e3o e realiza\u00e7\u00e3o da XII edi\u00e7\u00e3o dos jogos escolares, em Pemba, Prov\u00edncia de Cabo-Delgado e encoraja-o a prosseguir com a promo\u00e7\u00e3o do desporto escolar que constitui um viveiro de talentos e base do desporto de alta competi\u00e7\u00e3o e momento de refor\u00e7o da Unidade Nacional e da solidariedade entre os estudantes;<\/p>\n<p>8. A Comiss\u00e3o Pol\u00edtica reitera o encorajamento a Pol\u00edcia da Rep\u00fablica de Mo\u00e7ambique e outras For\u00e7as de Defesa e Seguran\u00e7a, na preven\u00e7\u00e3o e combate ao crime, na manuten\u00e7\u00e3o da Ordem, Seguran\u00e7a e Tranquilidade P\u00fablicas, em todo o territ\u00f3rio nacional;<\/p>\n<p>9. A Comiss\u00e3o Pol\u00edtica exorta ao povo mo\u00e7ambicano a continuar a combater todas as forma e tentativas de p\u00f4r em causa a Unidade Nacional, a Paz e a estabilidade, factores fundamentais para que cada mo\u00e7ambicano se empenhe, em prol da melhoria das condi\u00e7\u00f5es de vida e progresso do nosso Pa\u00eds. 50 Anos Unidos na Luta Contra a Pobreza FRELIMO, A FOR\u00c7A DA MUDAN\u00c7A Maputo, 26 de Agosto de 2015<\/p>\n","protected":false},"excerpt":{"rendered":"<p>Sob direc\u00e7\u00e3o do Camarada FILIPE JACINTO NYUSI, Presidente da FRELIMO, teve lugar a 51\u00aa Sess\u00e3o Ordin\u00e1ria da Comiss\u00e3o Pol\u00edtica, no dia 26 de Agosto de 2015, na Sede Nacional da FRELIMO. &nbsp;1. A Comiss\u00e3o Pol\u00edtica analisou a situa\u00e7\u00e3o pol\u00edtica, econ\u00f3mica e social, actual, do Pa\u00eds e considera que a Paz \u00e9 um bem comum e &hellip;<\/p>\n","protected":false},"author":1,"featured_media":0,"comment_status":"open","ping_status":"open","sticky":false,"template":"","format":"standard","meta":{"_jetpack_memberships_contains_paid_content":false,"footnotes":""},"categories":[4],"tags":[],"class_list":["post-1056","post","type-post","status-publish","format-standard","hentry","category-outras"],"jetpack_featured_media_url":"","jetpack_sharing_enabled":true,"_links":{"self":[{"href":"https:\/\/www.frelimo.org.mz\/index.php?rest_route=\/wp\/v2\/posts\/1056","targetHints":{"allow":["GET"]}}],"collection":[{"href":"https:\/\/www.frelimo.org.mz\/index.php?rest_route=\/wp\/v2\/posts"}],"about":[{"href":"https:\/\/www.frelimo.org.mz\/index.php?rest_route=\/wp\/v2\/types\/post"}],"author":[{"embeddable":true,"href":"https:\/\/www.frelimo.org.mz\/index.php?rest_route=\/wp\/v2\/users\/1"}],"replies":[{"embeddable":true,"href":"https:\/\/www.frelimo.org.mz\/index.php?rest_route=%2Fwp%2Fv2%2Fcomments&post=1056"}],"version-history":[{"count":0,"href":"https:\/\/www.frelimo.org.mz\/index.php?rest_route=\/wp\/v2\/posts\/1056\/revisions"}],"wp:attachment":[{"href":"https:\/\/www.frelimo.org.mz\/index.php?rest_route=%2Fwp%2Fv2%2Fmedia&parent=1056"}],"wp:term":[{"taxonomy":"category","embeddable":true,"href":"https:\/\/www.frelimo.org.mz\/index.php?rest_route=%2Fwp%2Fv2%2Fcategories&post=1056"},{"taxonomy":"post_tag","embeddable":true,"href":"https:\/\/www.frelimo.org.mz\/index.php?rest_route=%2Fwp%2Fv2%2Ftags&post=1056"}],"curies":[{"name":"wp","href":"https:\/\/api.w.org\/{rel}","templated":true}]}}